{"id":104177,"date":"2020-11-06T16:37:35","date_gmt":"2020-11-06T15:37:35","guid":{"rendered":"https:\/\/www.batmagazine.it\/notizie\/?p=104177"},"modified":"2020-11-06T16:37:40","modified_gmt":"2020-11-06T15:37:40","slug":"puglia-regione-pronta-a-nuova-ordinanza-si-torna-a-scuola-lunedi","status":"publish","type":"post","link":"https:\/\/www.batmagazine.it\/notizie\/2020\/11\/06\/puglia-regione-pronta-a-nuova-ordinanza-si-torna-a-scuola-lunedi\/","title":{"rendered":"Puglia &#8211; Regione pronta a nuova ordinanza: si torna a scuola luned\u00ec"},"content":{"rendered":"\n<p>La Regione Puglia \u00e8 pronta ad emanare sulle scuole e la didattica in presenza una nuova ordinanza, che entrer\u00e0 in vigore da luned\u00ec 9 novembre. Lo annuncia il governatore Michele Emiliano in una comunicazione trasmessa al direttore generale dell&#8217;Ufficio scolastico pugliese, Anna Cammalleri: &#8220;Nelle more dell&#8217;adozione di specifica ordinanza in via di pubblicazione che entrer\u00e0 in vigore luned\u00ec 9 novembre, le scuole dovranno attenersi al modello organizzativo in essere anche al fine di non disorientare l&#8217;utenza&#8221;. La nuova ordinanza regionale dovrebbe ricalcare quella attualmente in vigore e firmata lo scorso 28 ottobre, le uniche novit\u00e0 potrebbero riguardare le scuole primarie per le quali l&#8217;assessore alla Sanit\u00e0, Pierluigi Lopalco, annunci\u00f2 la possibilit\u00e0 di una riapertura nel caso l&#8217;andamento epidemiologico della pandemia di coronavirus lo avesse permesso.\u00a0<\/p>\n","protected":false},"excerpt":{"rendered":"<p>Lo annuncia il presidente Emiliano all&#8217;Ufficio scolastico pugliese<\/p>\n","protected":false},"author":5,"featured_media":103482,"comment_status":"open","ping_status":"closed","sticky":true,"template":"","format":"standard","meta":{"footnotes":""},"categories":[4,29,3334,30,12],"tags":[3235,3040,2074,7073,2236],"class_list":{"0":"post-104177","1":"post","2":"type-post","3":"status-publish","4":"format-standard","5":"has-post-thumbnail","7":"category-attualita","8":"category-bat","9":"category-in-evidenza","10":"category-puglia","11":"category-scuola","12":"tag-ordinanza","13":"tag-presidente-emiliano","14":"tag-puglia","15":"tag-ritorno","16":"tag-scuola"},"featured_image_url":"https:\/\/www.batmagazine.it\/notizie\/wp-content\/uploads\/2020\/10\/Scuola-superiore.jpg","primary_category":{"id":4,"name":"Attualit\u00e0"},"author_name":"Antonella Loprieno","yoast_head":"<!-- This site is optimized with the Yoast SEO plugin v26.8 - https:\/\/yoast.com\/product\/yoast-seo-wordpress\/ -->\n<title>Puglia - Regione pronta a nuova ordinanza: si torna a scuola luned\u00ec - BATmagazine<\/title>\n<meta name=\"description\" content=\"Lo annuncia il presidente Emiliano all&#039;Ufficio scolastico pugliese\" \/>\n<meta name=\"robots\" content=\"index, follow, max-snippet:-1, max-image-preview:large, max-video-preview:-1\" \/>\n<link rel=\"canonical\" href=\"https:\/\/www.batmagazine.it\/notizie\/2020\/11\/06\/puglia-regione-pronta-a-nuova-ordinanza-si-torna-a-scuola-lunedi\/\" \/>\n<meta property=\"og:locale\" content=\"it_IT\" \/>\n<meta property=\"og:type\" content=\"article\" \/>\n<meta property=\"og:title\" content=\"Puglia - Regione pronta a nuova ordinanza: si torna a scuola luned\u00ec - BATmagazine\" \/>\n<meta property=\"og:description\" content=\"Lo annuncia il presidente Emiliano all&#039;Ufficio scolastico pugliese\" \/>\n<meta property=\"og:url\" content=\"https:\/\/www.batmagazine.it\/notizie\/2020\/11\/06\/puglia-regione-pronta-a-nuova-ordinanza-si-torna-a-scuola-lunedi\/\" \/>\n<meta property=\"og:site_name\" content=\"BATmagazine\" \/>\n<meta property=\"article:publisher\" content=\"https:\/\/www.facebook.com\/BatMagazine\" \/>\n<meta property=\"article:published_time\" content=\"2020-11-06T15:37:35+00:00\" \/>\n<meta property=\"article:modified_time\" content=\"2020-11-06T15:37:40+00:00\" \/>\n<meta property=\"og:image\" content=\"https:\/\/www.batmagazine.it\/notizie\/wp-content\/uploads\/2020\/10\/Scuola-superiore.jpg\" \/>\n\t<meta property=\"og:image:width\" content=\"1000\" \/>\n\t<meta property=\"og:image:height\" content=\"714\" \/>\n\t<meta property=\"og:image:type\" content=\"image\/jpeg\" \/>\n<meta name=\"author\" content=\"Antonella Loprieno\" \/>\n<meta name=\"twitter:card\" content=\"summary_large_image\" \/>\n<meta name=\"twitter:label1\" content=\"Scritto da\" \/>\n\t<meta name=\"twitter:data1\" content=\"Antonella Loprieno\" \/>\n\t<meta name=\"twitter:label2\" content=\"Tempo di lettura stimato\" \/>\n\t<meta name=\"twitter:data2\" content=\"1 minuto\" \/>\n<script type=\"application\/ld+json\" class=\"yoast-schema-graph\">{\"@context\":\"https:\/\/schema.org\",\"@graph\":[{\"@type\":\"Article\",\"@id\":\"https:\/\/www.batmagazine.it\/notizie\/2020\/11\/06\/puglia-regione-pronta-a-nuova-ordinanza-si-torna-a-scuola-lunedi\/#article\",\"isPartOf\":{\"@id\":\"https:\/\/www.batmagazine.it\/notizie\/2020\/11\/06\/puglia-regione-pronta-a-nuova-ordinanza-si-torna-a-scuola-lunedi\/\"},\"author\":{\"name\":\"Antonella Loprieno\",\"@id\":\"https:\/\/www.batmagazine.it\/notizie\/#\/schema\/person\/41d323e250b70aa373b202523c2e0d00\"},\"headline\":\"Puglia &#8211; Regione pronta a nuova ordinanza: si torna a scuola luned\u00ec\",\"datePublished\":\"2020-11-06T15:37:35+00:00\",\"dateModified\":\"2020-11-06T15:37:40+00:00\",\"mainEntityOfPage\":{\"@id\":\"https:\/\/www.batmagazine.it\/notizie\/2020\/11\/06\/puglia-regione-pronta-a-nuova-ordinanza-si-torna-a-scuola-lunedi\/\"},\"wordCount\":138,\"commentCount\":0,\"publisher\":{\"@id\":\"https:\/\/www.batmagazine.it\/notizie\/#organization\"},\"image\":{\"@id\":\"https:\/\/www.batmagazine.it\/notizie\/2020\/11\/06\/puglia-regione-pronta-a-nuova-ordinanza-si-torna-a-scuola-lunedi\/#primaryimage\"},\"thumbnailUrl\":\"https:\/\/www.batmagazine.it\/notizie\/wp-content\/uploads\/2020\/10\/Scuola-superiore.jpg\",\"keywords\":[\"ordinanza\",\"presidente emiliano\",\"puglia\",\"Ritorno\",\"scuola\"],\"articleSection\":[\"Attualit\u00e0\",\"BAT\",\"In evidenza\",\"PUGLIA\",\"Scuola\"],\"inLanguage\":\"it-IT\"},{\"@type\":\"WebPage\",\"@id\":\"https:\/\/www.batmagazine.it\/notizie\/2020\/11\/06\/puglia-regione-pronta-a-nuova-ordinanza-si-torna-a-scuola-lunedi\/\",\"url\":\"https:\/\/www.batmagazine.it\/notizie\/2020\/11\/06\/puglia-regione-pronta-a-nuova-ordinanza-si-torna-a-scuola-lunedi\/\",\"name\":\"Puglia - Regione pronta a nuova ordinanza: si torna a scuola luned\u00ec - BATmagazine\",\"isPartOf\":{\"@id\":\"https:\/\/www.batmagazine.it\/notizie\/#website\"},\"primaryImageOfPage\":{\"@id\":\"https:\/\/www.batmagazine.it\/notizie\/2020\/11\/06\/puglia-regione-pronta-a-nuova-ordinanza-si-torna-a-scuola-lunedi\/#primaryimage\"},\"image\":{\"@id\":\"https:\/\/www.batmagazine.it\/notizie\/2020\/11\/06\/puglia-regione-pronta-a-nuova-ordinanza-si-torna-a-scuola-lunedi\/#primaryimage\"},\"thumbnailUrl\":\"https:\/\/www.batmagazine.it\/notizie\/wp-content\/uploads\/2020\/10\/Scuola-superiore.jpg\",\"datePublished\":\"2020-11-06T15:37:35+00:00\",\"dateModified\":\"2020-11-06T15:37:40+00:00\",\"description\":\"Lo annuncia il presidente Emiliano all'Ufficio scolastico pugliese\",\"breadcrumb\":{\"@id\":\"https:\/\/www.batmagazine.it\/notizie\/2020\/11\/06\/puglia-regione-pronta-a-nuova-ordinanza-si-torna-a-scuola-lunedi\/#breadcrumb\"},\"inLanguage\":\"it-IT\",\"potentialAction\":[{\"@type\":\"ReadAction\",\"target\":[\"https:\/\/www.batmagazine.it\/notizie\/2020\/11\/06\/puglia-regione-pronta-a-nuova-ordinanza-si-torna-a-scuola-lunedi\/\"]}]},{\"@type\":\"ImageObject\",\"inLanguage\":\"it-IT\",\"@id\":\"https:\/\/www.batmagazine.it\/notizie\/2020\/11\/06\/puglia-regione-pronta-a-nuova-ordinanza-si-torna-a-scuola-lunedi\/#primaryimage\",\"url\":\"https:\/\/www.batmagazine.it\/notizie\/wp-content\/uploads\/2020\/10\/Scuola-superiore.jpg\",\"contentUrl\":\"https:\/\/www.batmagazine.it\/notizie\/wp-content\/uploads\/2020\/10\/Scuola-superiore.jpg\",\"width\":1000,\"height\":714},{\"@type\":\"BreadcrumbList\",\"@id\":\"https:\/\/www.batmagazine.it\/notizie\/2020\/11\/06\/puglia-regione-pronta-a-nuova-ordinanza-si-torna-a-scuola-lunedi\/#breadcrumb\",\"itemListElement\":[{\"@type\":\"ListItem\",\"position\":1,\"name\":\"Home\",\"item\":\"https:\/\/www.batmagazine.it\/notizie\/\"},{\"@type\":\"ListItem\",\"position\":2,\"name\":\"Puglia &#8211; Regione pronta a nuova ordinanza: si torna a scuola luned\u00ec\"}]},{\"@type\":\"WebSite\",\"@id\":\"https:\/\/www.batmagazine.it\/notizie\/#website\",\"url\":\"https:\/\/www.batmagazine.it\/notizie\/\",\"name\":\"BATmagazine\",\"description\":\"Notizie Barletta Andria Trani\",\"publisher\":{\"@id\":\"https:\/\/www.batmagazine.it\/notizie\/#organization\"},\"potentialAction\":[{\"@type\":\"SearchAction\",\"target\":{\"@type\":\"EntryPoint\",\"urlTemplate\":\"https:\/\/www.batmagazine.it\/notizie\/?s={search_term_string}\"},\"query-input\":{\"@type\":\"PropertyValueSpecification\",\"valueRequired\":true,\"valueName\":\"search_term_string\"}}],\"inLanguage\":\"it-IT\"},{\"@type\":\"Organization\",\"@id\":\"https:\/\/www.batmagazine.it\/notizie\/#organization\",\"name\":\"BATmagazine\",\"url\":\"https:\/\/www.batmagazine.it\/notizie\/\",\"logo\":{\"@type\":\"ImageObject\",\"inLanguage\":\"it-IT\",\"@id\":\"https:\/\/www.batmagazine.it\/notizie\/#\/schema\/logo\/image\/\",\"url\":\"https:\/\/www.batmagazine.it\/notizie\/wp-content\/uploads\/2022\/08\/batlogo.png\",\"contentUrl\":\"https:\/\/www.batmagazine.it\/notizie\/wp-content\/uploads\/2022\/08\/batlogo.png\",\"width\":246,\"height\":96,\"caption\":\"BATmagazine\"},\"image\":{\"@id\":\"https:\/\/www.batmagazine.it\/notizie\/#\/schema\/logo\/image\/\"},\"sameAs\":[\"https:\/\/www.facebook.com\/BatMagazine\"]},{\"@type\":\"Person\",\"@id\":\"https:\/\/www.batmagazine.it\/notizie\/#\/schema\/person\/41d323e250b70aa373b202523c2e0d00\",\"name\":\"Antonella Loprieno\",\"image\":{\"@type\":\"ImageObject\",\"inLanguage\":\"it-IT\",\"@id\":\"https:\/\/www.batmagazine.it\/notizie\/#\/schema\/person\/image\/\",\"url\":\"https:\/\/www.batmagazine.it\/notizie\/wp-content\/uploads\/2020\/07\/WhatsApp-Image-2020-07-06-at-13.40.40-150x150.jpeg\",\"contentUrl\":\"https:\/\/www.batmagazine.it\/notizie\/wp-content\/uploads\/2020\/07\/WhatsApp-Image-2020-07-06-at-13.40.40-150x150.jpeg\",\"caption\":\"Antonella Loprieno\"},\"url\":\"https:\/\/www.batmagazine.it\/notizie\/author\/loprieno\/\"}]}<\/script>\n<!-- \/ Yoast SEO plugin. -->","yoast_head_json":{"title":"Puglia - Regione pronta a nuova ordinanza: si torna a scuola luned\u00ec - BATmagazine","description":"Lo annuncia il presidente Emiliano all'Ufficio scolastico pugliese","robots":{"index":"index","follow":"follow","max-snippet":"max-snippet:-1","max-image-preview":"max-image-preview:large","max-video-preview":"max-video-preview:-1"},"canonical":"https:\/\/www.batmagazine.it\/notizie\/2020\/11\/06\/puglia-regione-pronta-a-nuova-ordinanza-si-torna-a-scuola-lunedi\/","og_locale":"it_IT","og_type":"article","og_title":"Puglia - Regione pronta a nuova ordinanza: si torna a scuola luned\u00ec - BATmagazine","og_description":"Lo annuncia il presidente Emiliano all'Ufficio scolastico pugliese","og_url":"https:\/\/www.batmagazine.it\/notizie\/2020\/11\/06\/puglia-regione-pronta-a-nuova-ordinanza-si-torna-a-scuola-lunedi\/","og_site_name":"BATmagazine","article_publisher":"https:\/\/www.facebook.com\/BatMagazine","article_published_time":"2020-11-06T15:37:35+00:00","article_modified_time":"2020-11-06T15:37:40+00:00","og_image":[{"width":1000,"height":714,"url":"https:\/\/www.batmagazine.it\/notizie\/wp-content\/uploads\/2020\/10\/Scuola-superiore.jpg","type":"image\/jpeg"}],"author":"Antonella Loprieno","twitter_card":"summary_large_image","twitter_misc":{"Scritto da":"Antonella Loprieno","Tempo di lettura stimato":"1 minuto"},"schema":{"@context":"https:\/\/schema.org","@graph":[{"@type":"Article","@id":"https:\/\/www.batmagazine.it\/notizie\/2020\/11\/06\/puglia-regione-pronta-a-nuova-ordinanza-si-torna-a-scuola-lunedi\/#article","isPartOf":{"@id":"https:\/\/www.batmagazine.it\/notizie\/2020\/11\/06\/puglia-regione-pronta-a-nuova-ordinanza-si-torna-a-scuola-lunedi\/"},"author":{"name":"Antonella Loprieno","@id":"https:\/\/www.batmagazine.it\/notizie\/#\/schema\/person\/41d323e250b70aa373b202523c2e0d00"},"headline":"Puglia &#8211; Regione pronta a nuova ordinanza: si torna a scuola luned\u00ec","datePublished":"2020-11-06T15:37:35+00:00","dateModified":"2020-11-06T15:37:40+00:00","mainEntityOfPage":{"@id":"https:\/\/www.batmagazine.it\/notizie\/2020\/11\/06\/puglia-regione-pronta-a-nuova-ordinanza-si-torna-a-scuola-lunedi\/"},"wordCount":138,"commentCount":0,"publisher":{"@id":"https:\/\/www.batmagazine.it\/notizie\/#organization"},"image":{"@id":"https:\/\/www.batmagazine.it\/notizie\/2020\/11\/06\/puglia-regione-pronta-a-nuova-ordinanza-si-torna-a-scuola-lunedi\/#primaryimage"},"thumbnailUrl":"https:\/\/www.batmagazine.it\/notizie\/wp-content\/uploads\/2020\/10\/Scuola-superiore.jpg","keywords":["ordinanza","presidente emiliano","puglia","Ritorno","scuola"],"articleSection":["Attualit\u00e0","BAT","In evidenza","PUGLIA","Scuola"],"inLanguage":"it-IT"},{"@type":"WebPage","@id":"https:\/\/www.batmagazine.it\/notizie\/2020\/11\/06\/puglia-regione-pronta-a-nuova-ordinanza-si-torna-a-scuola-lunedi\/","url":"https:\/\/www.batmagazine.it\/notizie\/2020\/11\/06\/puglia-regione-pronta-a-nuova-ordinanza-si-torna-a-scuola-lunedi\/","name":"Puglia - Regione pronta a nuova ordinanza: si torna a scuola luned\u00ec - BATmagazine","isPartOf":{"@id":"https:\/\/www.batmagazine.it\/notizie\/#website"},"primaryImageOfPage":{"@id":"https:\/\/www.batmagazine.it\/notizie\/2020\/11\/06\/puglia-regione-pronta-a-nuova-ordinanza-si-torna-a-scuola-lunedi\/#primaryimage"},"image":{"@id":"https:\/\/www.batmagazine.it\/notizie\/2020\/11\/06\/puglia-regione-pronta-a-nuova-ordinanza-si-torna-a-scuola-lunedi\/#primaryimage"},"thumbnailUrl":"https:\/\/www.batmagazine.it\/notizie\/wp-content\/uploads\/2020\/10\/Scuola-superiore.jpg","datePublished":"2020-11-06T15:37:35+00:00","dateModified":"2020-11-06T15:37:40+00:00","description":"Lo annuncia il presidente Emiliano all'Ufficio scolastico pugliese","breadcrumb":{"@id":"https:\/\/www.batmagazine.it\/notizie\/2020\/11\/06\/puglia-regione-pronta-a-nuova-ordinanza-si-torna-a-scuola-lunedi\/#breadcrumb"},"inLanguage":"it-IT","potentialAction":[{"@type":"ReadAction","target":["https:\/\/www.batmagazine.it\/notizie\/2020\/11\/06\/puglia-regione-pronta-a-nuova-ordinanza-si-torna-a-scuola-lunedi\/"]}]},{"@type":"ImageObject","inLanguage":"it-IT","@id":"https:\/\/www.batmagazine.it\/notizie\/2020\/11\/06\/puglia-regione-pronta-a-nuova-ordinanza-si-torna-a-scuola-lunedi\/#primaryimage","url":"https:\/\/www.batmagazine.it\/notizie\/wp-content\/uploads\/2020\/10\/Scuola-superiore.jpg","contentUrl":"https:\/\/www.batmagazine.it\/notizie\/wp-content\/uploads\/2020\/10\/Scuola-superiore.jpg","width":1000,"height":714},{"@type":"BreadcrumbList","@id":"https:\/\/www.batmagazine.it\/notizie\/2020\/11\/06\/puglia-regione-pronta-a-nuova-ordinanza-si-torna-a-scuola-lunedi\/#breadcrumb","itemListElement":[{"@type":"ListItem","position":1,"name":"Home","item":"https:\/\/www.batmagazine.it\/notizie\/"},{"@type":"ListItem","position":2,"name":"Puglia &#8211; Regione pronta a nuova ordinanza: si torna a scuola luned\u00ec"}]},{"@type":"WebSite","@id":"https:\/\/www.batmagazine.it\/notizie\/#website","url":"https:\/\/www.batmagazine.it\/notizie\/","name":"BATmagazine","description":"Notizie Barletta Andria Trani","publisher":{"@id":"https:\/\/www.batmagazine.it\/notizie\/#organization"},"potentialAction":[{"@type":"SearchAction","target":{"@type":"EntryPoint","urlTemplate":"https:\/\/www.batmagazine.it\/notizie\/?s={search_term_string}"},"query-input":{"@type":"PropertyValueSpecification","valueRequired":true,"valueName":"search_term_string"}}],"inLanguage":"it-IT"},{"@type":"Organization","@id":"https:\/\/www.batmagazine.it\/notizie\/#organization","name":"BATmagazine","url":"https:\/\/www.batmagazine.it\/notizie\/","logo":{"@type":"ImageObject","inLanguage":"it-IT","@id":"https:\/\/www.batmagazine.it\/notizie\/#\/schema\/logo\/image\/","url":"https:\/\/www.batmagazine.it\/notizie\/wp-content\/uploads\/2022\/08\/batlogo.png","contentUrl":"https:\/\/www.batmagazine.it\/notizie\/wp-content\/uploads\/2022\/08\/batlogo.png","width":246,"height":96,"caption":"BATmagazine"},"image":{"@id":"https:\/\/www.batmagazine.it\/notizie\/#\/schema\/logo\/image\/"},"sameAs":["https:\/\/www.facebook.com\/BatMagazine"]},{"@type":"Person","@id":"https:\/\/www.batmagazine.it\/notizie\/#\/schema\/person\/41d323e250b70aa373b202523c2e0d00","name":"Antonella Loprieno","image":{"@type":"ImageObject","inLanguage":"it-IT","@id":"https:\/\/www.batmagazine.it\/notizie\/#\/schema\/person\/image\/","url":"https:\/\/www.batmagazine.it\/notizie\/wp-content\/uploads\/2020\/07\/WhatsApp-Image-2020-07-06-at-13.40.40-150x150.jpeg","contentUrl":"https:\/\/www.batmagazine.it\/notizie\/wp-content\/uploads\/2020\/07\/WhatsApp-Image-2020-07-06-at-13.40.40-150x150.jpeg","caption":"Antonella Loprieno"},"url":"https:\/\/www.batmagazine.it\/notizie\/author\/loprieno\/"}]}},"_links":{"self":[{"href":"https:\/\/www.batmagazine.it\/notizie\/wp-json\/wp\/v2\/posts\/104177","targetHints":{"allow":["GET"]}}],"collection":[{"href":"https:\/\/www.batmagazine.it\/notizie\/wp-json\/wp\/v2\/posts"}],"about":[{"href":"https:\/\/www.batmagazine.it\/notizie\/wp-json\/wp\/v2\/types\/post"}],"author":[{"embeddable":true,"href":"https:\/\/www.batmagazine.it\/notizie\/wp-json\/wp\/v2\/users\/5"}],"replies":[{"embeddable":true,"href":"https:\/\/www.batmagazine.it\/notizie\/wp-json\/wp\/v2\/comments?post=104177"}],"version-history":[{"count":1,"href":"https:\/\/www.batmagazine.it\/notizie\/wp-json\/wp\/v2\/posts\/104177\/revisions"}],"predecessor-version":[{"id":104178,"href":"https:\/\/www.batmagazine.it\/notizie\/wp-json\/wp\/v2\/posts\/104177\/revisions\/104178"}],"wp:featuredmedia":[{"embeddable":true,"href":"https:\/\/www.batmagazine.it\/notizie\/wp-json\/wp\/v2\/media\/103482"}],"wp:attachment":[{"href":"https:\/\/www.batmagazine.it\/notizie\/wp-json\/wp\/v2\/media?parent=104177"}],"wp:term":[{"taxonomy":"category","embeddable":true,"href":"https:\/\/www.batmagazine.it\/notizie\/wp-json\/wp\/v2\/categories?post=104177"},{"taxonomy":"post_tag","embeddable":true,"href":"https:\/\/www.batmagazine.it\/notizie\/wp-json\/wp\/v2\/tags?post=104177"}],"curies":[{"name":"wp","href":"https:\/\/api.w.org\/{rel}","templated":true}]}}