{"id":145496,"date":"2023-03-10T11:48:42","date_gmt":"2023-03-10T10:48:42","guid":{"rendered":"https:\/\/www.batmagazine.it\/notizie\/?p=145496"},"modified":"2023-03-10T11:48:51","modified_gmt":"2023-03-10T10:48:51","slug":"bisceglie-torna-common-ground-occhi-puntati-sulle-prossime-elezioni-in-citta","status":"publish","type":"post","link":"https:\/\/www.batmagazine.it\/notizie\/2023\/03\/10\/bisceglie-torna-common-ground-occhi-puntati-sulle-prossime-elezioni-in-citta\/","title":{"rendered":"Bisceglie &#8211; Torna Common Ground, occhi puntati sulle prossime elezioni in citt\u00e0"},"content":{"rendered":"\n<p>Riparte\u00a0<strong>Common Ground<\/strong>, il percorso di formazione alla cittadinanza attiva organizzato da Associazione 21 e Cercasi un fine e patrocinato dal Comune di Bisceglie. Primo appuntamento presso il Seminario arcivescovile di Bisceglie fissato a\u00a0oggi, <strong>venerd\u00ec 10 marzo alle 19.30<\/strong>,\u00a0sul PUG Piano Urbanistico Generale con ospite l&#8217;architetto Giacomo Losapio, dirigente della ripartizione tecnica del Comune.<\/p>\n\n\n\n<p>\u201cTorniamo con la terza edizione di Common Ground \u2013 spiegano gli organizzatori \u2013 dopo le belle esperienze del 2020 e del 2022. Il focus di quest\u2019anno \u00e8 ovviamente puntato sulle elezioni comunali che coinvolgeranno, e stanno gi\u00e0 coinvolgendo, la citt\u00e0 di Bisceglie. Il nostro obiettivo resta lo stesso: dare vita ad un luogo di formazione, un terreno comune (Common Ground appunto), una vera e propria scuola studiata per i biscegliesi, uno spazio per confrontarsi e parlare di cittadinanza e di \u2018politica\u2019, intesa come attenzione al bene comune e costruzione del futuro\u201d.<\/p>\n\n\n\n<p>Common Ground continua&nbsp;<strong>marted\u00ec 11 aprile alle 19.30<\/strong>&nbsp;nella Sala degli Specchi di Palazzo Tupputi con don Rocco D\u2019Ambrosio, professore di Filosofia politica presso la Pontificia Universit\u00e0 Gregoriana. Al centro dell\u2019incontro il tema del Potere.<\/p>\n\n\n\n<p><strong>E poi tre incontri dedicati alle elezioni cittadine<\/strong>: venerd\u00ec 5 maggio il confronto con i candidati a sindaco di Bisceglie, venerd\u00ec 19 maggio quello con gli eventuali due sfidanti in caso di ballottaggio e infine venerd\u00ec 9 giugno con il Sindaco eletto.<\/p>\n\n\n\n<p>\u201cNelle prossime settimane parleremo con i candidati che hanno gi\u00e0 ufficializzato la propria corsa alla carica di sindaco. Obiettivo degli incontri con loro, organizzati con altre associazioni e con tanti giovani biscegliesi, \u00e8 quello di mettere in luce le idee, le visioni e i programmi per la nostra citt\u00e0\u201d, concludono da Associazione 21.<\/p>\n\n\n\n<p>Per tutte le info su Common Ground, l&#8217;<strong>Associazione 21<\/strong> ha messo a disposizione l\u2019indirizzo\u00a0<a href=\"javascript:message_new('mailto', {mailto:'commonground@21bisceglie.it', folder:'SU5CT1g=', msgid:'', subject: '', body:'0'})\">commonground@21bisceglie.it<\/a>\u00a0e i propri canali social su Facebook e Instagram. Ai frequentanti sar\u00e0 rilasciato un attestato di partecipazione, utile per gli studenti alla richiesta dei crediti formativi.<\/p>\n\n\n\n<figure class=\"wp-block-image size-large\"><img fetchpriority=\"high\" decoding=\"async\" width=\"717\" height=\"1024\" src=\"https:\/\/www.batmagazine.it\/notizie\/wp-content\/uploads\/2023\/03\/CommonGround-2023_Locandina-717x1024.jpg\" alt=\"\" class=\"wp-image-145497\" srcset=\"https:\/\/www.batmagazine.it\/notizie\/wp-content\/uploads\/2023\/03\/CommonGround-2023_Locandina-717x1024.jpg 717w, https:\/\/www.batmagazine.it\/notizie\/wp-content\/uploads\/2023\/03\/CommonGround-2023_Locandina-210x300.jpg 210w, https:\/\/www.batmagazine.it\/notizie\/wp-content\/uploads\/2023\/03\/CommonGround-2023_Locandina-768x1097.jpg 768w, https:\/\/www.batmagazine.it\/notizie\/wp-content\/uploads\/2023\/03\/CommonGround-2023_Locandina-1075x1536.jpg 1075w, https:\/\/www.batmagazine.it\/notizie\/wp-content\/uploads\/2023\/03\/CommonGround-2023_Locandina-696x994.jpg 696w, https:\/\/www.batmagazine.it\/notizie\/wp-content\/uploads\/2023\/03\/CommonGround-2023_Locandina-1068x1525.jpg 1068w, https:\/\/www.batmagazine.it\/notizie\/wp-content\/uploads\/2023\/03\/CommonGround-2023_Locandina.jpg 1200w\" sizes=\"(max-width: 717px) 100vw, 717px\" \/><\/figure>\n","protected":false},"excerpt":{"rendered":"<p>Al via l\u2019edizione 2023 del percorso di formazione alla cittadinanza attiva organizzato da Associazione 21 e Cercasi un fine. Primo appuntamento sul PUG Piano Urbanistico Generale fissato a venerd\u00ec 10 marzo<\/p>\n","protected":false},"author":2,"featured_media":131996,"comment_status":"open","ping_status":"closed","sticky":false,"template":"","format":"standard","meta":{"footnotes":""},"categories":[4,19,7,26],"tags":[2527,2130,23047,5895,2529,5180,23046],"class_list":{"0":"post-145496","1":"post","2":"type-post","3":"status-publish","4":"format-standard","5":"has-post-thumbnail","7":"category-attualita","8":"category-bisceglie","9":"category-cultura","10":"category-eventi","11":"tag-associazione-21","12":"tag-bisceglie","13":"tag-cercasi-una-fine","14":"tag-cittadinanza-attiva","15":"tag-common-ground","16":"tag-elezioni-amministrative","17":"tag-seminario-arcivescovile"},"featured_image_url":"https:\/\/www.batmagazine.it\/notizie\/wp-content\/uploads\/2022\/03\/Bisceglie-1024x682.jpg","primary_category":{"id":4,"name":"Attualit\u00e0"},"author_name":"Redazione","yoast_head":"<!-- This site is optimized with the Yoast SEO plugin v26.8 - https:\/\/yoast.com\/product\/yoast-seo-wordpress\/ -->\n<title>Bisceglie - Torna Common Ground, occhi puntati sulle prossime elezioni in citt\u00e0 - BATmagazine<\/title>\n<meta name=\"description\" content=\"Al via l\u2019edizione 2023 del percorso di formazione alla cittadinanza attiva organizzato da Associazione 21 e Cercasi un fine. Primo appuntamento sul PUG Piano Urbanistico Generale fissato a venerd\u00ec 10 marzo\" \/>\n<meta name=\"robots\" content=\"index, follow, max-snippet:-1, max-image-preview:large, max-video-preview:-1\" \/>\n<link rel=\"canonical\" href=\"https:\/\/www.batmagazine.it\/notizie\/2023\/03\/10\/bisceglie-torna-common-ground-occhi-puntati-sulle-prossime-elezioni-in-citta\/\" \/>\n<meta property=\"og:locale\" content=\"it_IT\" \/>\n<meta property=\"og:type\" content=\"article\" \/>\n<meta property=\"og:title\" content=\"Bisceglie - Torna Common Ground, occhi puntati sulle prossime elezioni in citt\u00e0 - BATmagazine\" \/>\n<meta property=\"og:description\" content=\"Al via l\u2019edizione 2023 del percorso di formazione alla cittadinanza attiva organizzato da Associazione 21 e Cercasi un fine. Primo appuntamento sul PUG Piano Urbanistico Generale fissato a venerd\u00ec 10 marzo\" \/>\n<meta property=\"og:url\" content=\"https:\/\/www.batmagazine.it\/notizie\/2023\/03\/10\/bisceglie-torna-common-ground-occhi-puntati-sulle-prossime-elezioni-in-citta\/\" \/>\n<meta property=\"og:site_name\" content=\"BATmagazine\" \/>\n<meta property=\"article:publisher\" content=\"https:\/\/www.facebook.com\/BatMagazine\" \/>\n<meta property=\"article:published_time\" content=\"2023-03-10T10:48:42+00:00\" \/>\n<meta property=\"article:modified_time\" content=\"2023-03-10T10:48:51+00:00\" \/>\n<meta property=\"og:image\" content=\"https:\/\/www.batmagazine.it\/notizie\/wp-content\/uploads\/2022\/03\/Bisceglie.jpg\" \/>\n\t<meta property=\"og:image:width\" content=\"1440\" \/>\n\t<meta property=\"og:image:height\" content=\"959\" \/>\n\t<meta property=\"og:image:type\" content=\"image\/jpeg\" \/>\n<meta name=\"author\" content=\"Redazione\" \/>\n<meta name=\"twitter:card\" content=\"summary_large_image\" \/>\n<meta name=\"twitter:label1\" content=\"Scritto da\" \/>\n\t<meta name=\"twitter:data1\" content=\"Redazione\" \/>\n\t<meta name=\"twitter:label2\" content=\"Tempo di lettura stimato\" \/>\n\t<meta name=\"twitter:data2\" content=\"2 minuti\" \/>\n<script type=\"application\/ld+json\" class=\"yoast-schema-graph\">{\"@context\":\"https:\/\/schema.org\",\"@graph\":[{\"@type\":\"Article\",\"@id\":\"https:\/\/www.batmagazine.it\/notizie\/2023\/03\/10\/bisceglie-torna-common-ground-occhi-puntati-sulle-prossime-elezioni-in-citta\/#article\",\"isPartOf\":{\"@id\":\"https:\/\/www.batmagazine.it\/notizie\/2023\/03\/10\/bisceglie-torna-common-ground-occhi-puntati-sulle-prossime-elezioni-in-citta\/\"},\"author\":{\"name\":\"Redazione\",\"@id\":\"https:\/\/www.batmagazine.it\/notizie\/#\/schema\/person\/f25ee2762381b507b66ff3f592fb3a5c\"},\"headline\":\"Bisceglie &#8211; Torna Common Ground, occhi puntati sulle prossime elezioni in citt\u00e0\",\"datePublished\":\"2023-03-10T10:48:42+00:00\",\"dateModified\":\"2023-03-10T10:48:51+00:00\",\"mainEntityOfPage\":{\"@id\":\"https:\/\/www.batmagazine.it\/notizie\/2023\/03\/10\/bisceglie-torna-common-ground-occhi-puntati-sulle-prossime-elezioni-in-citta\/\"},\"wordCount\":324,\"commentCount\":0,\"publisher\":{\"@id\":\"https:\/\/www.batmagazine.it\/notizie\/#organization\"},\"image\":{\"@id\":\"https:\/\/www.batmagazine.it\/notizie\/2023\/03\/10\/bisceglie-torna-common-ground-occhi-puntati-sulle-prossime-elezioni-in-citta\/#primaryimage\"},\"thumbnailUrl\":\"https:\/\/www.batmagazine.it\/notizie\/wp-content\/uploads\/2022\/03\/Bisceglie.jpg\",\"keywords\":[\"Associazione 21\",\"bisceglie\",\"Cercasi una fine\",\"Cittadinanza attiva\",\"Common Ground\",\"Elezioni amministrative\",\"Seminario arcivescovile\"],\"articleSection\":[\"Attualit\u00e0\",\"Bisceglie\",\"Cultura\",\"Eventi\"],\"inLanguage\":\"it-IT\"},{\"@type\":\"WebPage\",\"@id\":\"https:\/\/www.batmagazine.it\/notizie\/2023\/03\/10\/bisceglie-torna-common-ground-occhi-puntati-sulle-prossime-elezioni-in-citta\/\",\"url\":\"https:\/\/www.batmagazine.it\/notizie\/2023\/03\/10\/bisceglie-torna-common-ground-occhi-puntati-sulle-prossime-elezioni-in-citta\/\",\"name\":\"Bisceglie - Torna Common Ground, occhi puntati sulle prossime elezioni in citt\u00e0 - BATmagazine\",\"isPartOf\":{\"@id\":\"https:\/\/www.batmagazine.it\/notizie\/#website\"},\"primaryImageOfPage\":{\"@id\":\"https:\/\/www.batmagazine.it\/notizie\/2023\/03\/10\/bisceglie-torna-common-ground-occhi-puntati-sulle-prossime-elezioni-in-citta\/#primaryimage\"},\"image\":{\"@id\":\"https:\/\/www.batmagazine.it\/notizie\/2023\/03\/10\/bisceglie-torna-common-ground-occhi-puntati-sulle-prossime-elezioni-in-citta\/#primaryimage\"},\"thumbnailUrl\":\"https:\/\/www.batmagazine.it\/notizie\/wp-content\/uploads\/2022\/03\/Bisceglie.jpg\",\"datePublished\":\"2023-03-10T10:48:42+00:00\",\"dateModified\":\"2023-03-10T10:48:51+00:00\",\"description\":\"Al via l\u2019edizione 2023 del percorso di formazione alla cittadinanza attiva organizzato da Associazione 21 e Cercasi un fine. Primo appuntamento sul PUG Piano Urbanistico Generale fissato a venerd\u00ec 10 marzo\",\"breadcrumb\":{\"@id\":\"https:\/\/www.batmagazine.it\/notizie\/2023\/03\/10\/bisceglie-torna-common-ground-occhi-puntati-sulle-prossime-elezioni-in-citta\/#breadcrumb\"},\"inLanguage\":\"it-IT\",\"potentialAction\":[{\"@type\":\"ReadAction\",\"target\":[\"https:\/\/www.batmagazine.it\/notizie\/2023\/03\/10\/bisceglie-torna-common-ground-occhi-puntati-sulle-prossime-elezioni-in-citta\/\"]}]},{\"@type\":\"ImageObject\",\"inLanguage\":\"it-IT\",\"@id\":\"https:\/\/www.batmagazine.it\/notizie\/2023\/03\/10\/bisceglie-torna-common-ground-occhi-puntati-sulle-prossime-elezioni-in-citta\/#primaryimage\",\"url\":\"https:\/\/www.batmagazine.it\/notizie\/wp-content\/uploads\/2022\/03\/Bisceglie.jpg\",\"contentUrl\":\"https:\/\/www.batmagazine.it\/notizie\/wp-content\/uploads\/2022\/03\/Bisceglie.jpg\",\"width\":1440,\"height\":959},{\"@type\":\"BreadcrumbList\",\"@id\":\"https:\/\/www.batmagazine.it\/notizie\/2023\/03\/10\/bisceglie-torna-common-ground-occhi-puntati-sulle-prossime-elezioni-in-citta\/#breadcrumb\",\"itemListElement\":[{\"@type\":\"ListItem\",\"position\":1,\"name\":\"Home\",\"item\":\"https:\/\/www.batmagazine.it\/notizie\/\"},{\"@type\":\"ListItem\",\"position\":2,\"name\":\"Bisceglie &#8211; Torna Common Ground, occhi puntati sulle prossime elezioni in citt\u00e0\"}]},{\"@type\":\"WebSite\",\"@id\":\"https:\/\/www.batmagazine.it\/notizie\/#website\",\"url\":\"https:\/\/www.batmagazine.it\/notizie\/\",\"name\":\"BATmagazine\",\"description\":\"Notizie Barletta Andria Trani\",\"publisher\":{\"@id\":\"https:\/\/www.batmagazine.it\/notizie\/#organization\"},\"potentialAction\":[{\"@type\":\"SearchAction\",\"target\":{\"@type\":\"EntryPoint\",\"urlTemplate\":\"https:\/\/www.batmagazine.it\/notizie\/?s={search_term_string}\"},\"query-input\":{\"@type\":\"PropertyValueSpecification\",\"valueRequired\":true,\"valueName\":\"search_term_string\"}}],\"inLanguage\":\"it-IT\"},{\"@type\":\"Organization\",\"@id\":\"https:\/\/www.batmagazine.it\/notizie\/#organization\",\"name\":\"BATmagazine\",\"url\":\"https:\/\/www.batmagazine.it\/notizie\/\",\"logo\":{\"@type\":\"ImageObject\",\"inLanguage\":\"it-IT\",\"@id\":\"https:\/\/www.batmagazine.it\/notizie\/#\/schema\/logo\/image\/\",\"url\":\"https:\/\/www.batmagazine.it\/notizie\/wp-content\/uploads\/2022\/08\/batlogo.png\",\"contentUrl\":\"https:\/\/www.batmagazine.it\/notizie\/wp-content\/uploads\/2022\/08\/batlogo.png\",\"width\":246,\"height\":96,\"caption\":\"BATmagazine\"},\"image\":{\"@id\":\"https:\/\/www.batmagazine.it\/notizie\/#\/schema\/logo\/image\/\"},\"sameAs\":[\"https:\/\/www.facebook.com\/BatMagazine\"]},{\"@type\":\"Person\",\"@id\":\"https:\/\/www.batmagazine.it\/notizie\/#\/schema\/person\/f25ee2762381b507b66ff3f592fb3a5c\",\"name\":\"Redazione\",\"image\":{\"@type\":\"ImageObject\",\"inLanguage\":\"it-IT\",\"@id\":\"https:\/\/www.batmagazine.it\/notizie\/#\/schema\/person\/image\/\",\"url\":\"https:\/\/www.batmagazine.it\/notizie\/wp-content\/uploads\/2020\/07\/Schermata-2020-07-06-alle-16.52.14.png\",\"contentUrl\":\"https:\/\/www.batmagazine.it\/notizie\/wp-content\/uploads\/2020\/07\/Schermata-2020-07-06-alle-16.52.14.png\",\"caption\":\"Redazione\"},\"url\":\"https:\/\/www.batmagazine.it\/notizie\/author\/redazione\/\"}]}<\/script>\n<!-- \/ Yoast SEO plugin. -->","yoast_head_json":{"title":"Bisceglie - Torna Common Ground, occhi puntati sulle prossime elezioni in citt\u00e0 - BATmagazine","description":"Al via l\u2019edizione 2023 del percorso di formazione alla cittadinanza attiva organizzato da Associazione 21 e Cercasi un fine. Primo appuntamento sul PUG Piano Urbanistico Generale fissato a venerd\u00ec 10 marzo","robots":{"index":"index","follow":"follow","max-snippet":"max-snippet:-1","max-image-preview":"max-image-preview:large","max-video-preview":"max-video-preview:-1"},"canonical":"https:\/\/www.batmagazine.it\/notizie\/2023\/03\/10\/bisceglie-torna-common-ground-occhi-puntati-sulle-prossime-elezioni-in-citta\/","og_locale":"it_IT","og_type":"article","og_title":"Bisceglie - Torna Common Ground, occhi puntati sulle prossime elezioni in citt\u00e0 - BATmagazine","og_description":"Al via l\u2019edizione 2023 del percorso di formazione alla cittadinanza attiva organizzato da Associazione 21 e Cercasi un fine. Primo appuntamento sul PUG Piano Urbanistico Generale fissato a venerd\u00ec 10 marzo","og_url":"https:\/\/www.batmagazine.it\/notizie\/2023\/03\/10\/bisceglie-torna-common-ground-occhi-puntati-sulle-prossime-elezioni-in-citta\/","og_site_name":"BATmagazine","article_publisher":"https:\/\/www.facebook.com\/BatMagazine","article_published_time":"2023-03-10T10:48:42+00:00","article_modified_time":"2023-03-10T10:48:51+00:00","og_image":[{"width":1440,"height":959,"url":"https:\/\/www.batmagazine.it\/notizie\/wp-content\/uploads\/2022\/03\/Bisceglie.jpg","type":"image\/jpeg"}],"author":"Redazione","twitter_card":"summary_large_image","twitter_misc":{"Scritto da":"Redazione","Tempo di lettura stimato":"2 minuti"},"schema":{"@context":"https:\/\/schema.org","@graph":[{"@type":"Article","@id":"https:\/\/www.batmagazine.it\/notizie\/2023\/03\/10\/bisceglie-torna-common-ground-occhi-puntati-sulle-prossime-elezioni-in-citta\/#article","isPartOf":{"@id":"https:\/\/www.batmagazine.it\/notizie\/2023\/03\/10\/bisceglie-torna-common-ground-occhi-puntati-sulle-prossime-elezioni-in-citta\/"},"author":{"name":"Redazione","@id":"https:\/\/www.batmagazine.it\/notizie\/#\/schema\/person\/f25ee2762381b507b66ff3f592fb3a5c"},"headline":"Bisceglie &#8211; Torna Common Ground, occhi puntati sulle prossime elezioni in citt\u00e0","datePublished":"2023-03-10T10:48:42+00:00","dateModified":"2023-03-10T10:48:51+00:00","mainEntityOfPage":{"@id":"https:\/\/www.batmagazine.it\/notizie\/2023\/03\/10\/bisceglie-torna-common-ground-occhi-puntati-sulle-prossime-elezioni-in-citta\/"},"wordCount":324,"commentCount":0,"publisher":{"@id":"https:\/\/www.batmagazine.it\/notizie\/#organization"},"image":{"@id":"https:\/\/www.batmagazine.it\/notizie\/2023\/03\/10\/bisceglie-torna-common-ground-occhi-puntati-sulle-prossime-elezioni-in-citta\/#primaryimage"},"thumbnailUrl":"https:\/\/www.batmagazine.it\/notizie\/wp-content\/uploads\/2022\/03\/Bisceglie.jpg","keywords":["Associazione 21","bisceglie","Cercasi una fine","Cittadinanza attiva","Common Ground","Elezioni amministrative","Seminario arcivescovile"],"articleSection":["Attualit\u00e0","Bisceglie","Cultura","Eventi"],"inLanguage":"it-IT"},{"@type":"WebPage","@id":"https:\/\/www.batmagazine.it\/notizie\/2023\/03\/10\/bisceglie-torna-common-ground-occhi-puntati-sulle-prossime-elezioni-in-citta\/","url":"https:\/\/www.batmagazine.it\/notizie\/2023\/03\/10\/bisceglie-torna-common-ground-occhi-puntati-sulle-prossime-elezioni-in-citta\/","name":"Bisceglie - Torna Common Ground, occhi puntati sulle prossime elezioni in citt\u00e0 - BATmagazine","isPartOf":{"@id":"https:\/\/www.batmagazine.it\/notizie\/#website"},"primaryImageOfPage":{"@id":"https:\/\/www.batmagazine.it\/notizie\/2023\/03\/10\/bisceglie-torna-common-ground-occhi-puntati-sulle-prossime-elezioni-in-citta\/#primaryimage"},"image":{"@id":"https:\/\/www.batmagazine.it\/notizie\/2023\/03\/10\/bisceglie-torna-common-ground-occhi-puntati-sulle-prossime-elezioni-in-citta\/#primaryimage"},"thumbnailUrl":"https:\/\/www.batmagazine.it\/notizie\/wp-content\/uploads\/2022\/03\/Bisceglie.jpg","datePublished":"2023-03-10T10:48:42+00:00","dateModified":"2023-03-10T10:48:51+00:00","description":"Al via l\u2019edizione 2023 del percorso di formazione alla cittadinanza attiva organizzato da Associazione 21 e Cercasi un fine. Primo appuntamento sul PUG Piano Urbanistico Generale fissato a venerd\u00ec 10 marzo","breadcrumb":{"@id":"https:\/\/www.batmagazine.it\/notizie\/2023\/03\/10\/bisceglie-torna-common-ground-occhi-puntati-sulle-prossime-elezioni-in-citta\/#breadcrumb"},"inLanguage":"it-IT","potentialAction":[{"@type":"ReadAction","target":["https:\/\/www.batmagazine.it\/notizie\/2023\/03\/10\/bisceglie-torna-common-ground-occhi-puntati-sulle-prossime-elezioni-in-citta\/"]}]},{"@type":"ImageObject","inLanguage":"it-IT","@id":"https:\/\/www.batmagazine.it\/notizie\/2023\/03\/10\/bisceglie-torna-common-ground-occhi-puntati-sulle-prossime-elezioni-in-citta\/#primaryimage","url":"https:\/\/www.batmagazine.it\/notizie\/wp-content\/uploads\/2022\/03\/Bisceglie.jpg","contentUrl":"https:\/\/www.batmagazine.it\/notizie\/wp-content\/uploads\/2022\/03\/Bisceglie.jpg","width":1440,"height":959},{"@type":"BreadcrumbList","@id":"https:\/\/www.batmagazine.it\/notizie\/2023\/03\/10\/bisceglie-torna-common-ground-occhi-puntati-sulle-prossime-elezioni-in-citta\/#breadcrumb","itemListElement":[{"@type":"ListItem","position":1,"name":"Home","item":"https:\/\/www.batmagazine.it\/notizie\/"},{"@type":"ListItem","position":2,"name":"Bisceglie &#8211; Torna Common Ground, occhi puntati sulle prossime elezioni in citt\u00e0"}]},{"@type":"WebSite","@id":"https:\/\/www.batmagazine.it\/notizie\/#website","url":"https:\/\/www.batmagazine.it\/notizie\/","name":"BATmagazine","description":"Notizie Barletta Andria Trani","publisher":{"@id":"https:\/\/www.batmagazine.it\/notizie\/#organization"},"potentialAction":[{"@type":"SearchAction","target":{"@type":"EntryPoint","urlTemplate":"https:\/\/www.batmagazine.it\/notizie\/?s={search_term_string}"},"query-input":{"@type":"PropertyValueSpecification","valueRequired":true,"valueName":"search_term_string"}}],"inLanguage":"it-IT"},{"@type":"Organization","@id":"https:\/\/www.batmagazine.it\/notizie\/#organization","name":"BATmagazine","url":"https:\/\/www.batmagazine.it\/notizie\/","logo":{"@type":"ImageObject","inLanguage":"it-IT","@id":"https:\/\/www.batmagazine.it\/notizie\/#\/schema\/logo\/image\/","url":"https:\/\/www.batmagazine.it\/notizie\/wp-content\/uploads\/2022\/08\/batlogo.png","contentUrl":"https:\/\/www.batmagazine.it\/notizie\/wp-content\/uploads\/2022\/08\/batlogo.png","width":246,"height":96,"caption":"BATmagazine"},"image":{"@id":"https:\/\/www.batmagazine.it\/notizie\/#\/schema\/logo\/image\/"},"sameAs":["https:\/\/www.facebook.com\/BatMagazine"]},{"@type":"Person","@id":"https:\/\/www.batmagazine.it\/notizie\/#\/schema\/person\/f25ee2762381b507b66ff3f592fb3a5c","name":"Redazione","image":{"@type":"ImageObject","inLanguage":"it-IT","@id":"https:\/\/www.batmagazine.it\/notizie\/#\/schema\/person\/image\/","url":"https:\/\/www.batmagazine.it\/notizie\/wp-content\/uploads\/2020\/07\/Schermata-2020-07-06-alle-16.52.14.png","contentUrl":"https:\/\/www.batmagazine.it\/notizie\/wp-content\/uploads\/2020\/07\/Schermata-2020-07-06-alle-16.52.14.png","caption":"Redazione"},"url":"https:\/\/www.batmagazine.it\/notizie\/author\/redazione\/"}]}},"_links":{"self":[{"href":"https:\/\/www.batmagazine.it\/notizie\/wp-json\/wp\/v2\/posts\/145496","targetHints":{"allow":["GET"]}}],"collection":[{"href":"https:\/\/www.batmagazine.it\/notizie\/wp-json\/wp\/v2\/posts"}],"about":[{"href":"https:\/\/www.batmagazine.it\/notizie\/wp-json\/wp\/v2\/types\/post"}],"author":[{"embeddable":true,"href":"https:\/\/www.batmagazine.it\/notizie\/wp-json\/wp\/v2\/users\/2"}],"replies":[{"embeddable":true,"href":"https:\/\/www.batmagazine.it\/notizie\/wp-json\/wp\/v2\/comments?post=145496"}],"version-history":[{"count":1,"href":"https:\/\/www.batmagazine.it\/notizie\/wp-json\/wp\/v2\/posts\/145496\/revisions"}],"predecessor-version":[{"id":145498,"href":"https:\/\/www.batmagazine.it\/notizie\/wp-json\/wp\/v2\/posts\/145496\/revisions\/145498"}],"wp:featuredmedia":[{"embeddable":true,"href":"https:\/\/www.batmagazine.it\/notizie\/wp-json\/wp\/v2\/media\/131996"}],"wp:attachment":[{"href":"https:\/\/www.batmagazine.it\/notizie\/wp-json\/wp\/v2\/media?parent=145496"}],"wp:term":[{"taxonomy":"category","embeddable":true,"href":"https:\/\/www.batmagazine.it\/notizie\/wp-json\/wp\/v2\/categories?post=145496"},{"taxonomy":"post_tag","embeddable":true,"href":"https:\/\/www.batmagazine.it\/notizie\/wp-json\/wp\/v2\/tags?post=145496"}],"curies":[{"name":"wp","href":"https:\/\/api.w.org\/{rel}","templated":true}]}}