{"id":152693,"date":"2023-09-15T12:26:29","date_gmt":"2023-09-15T10:26:29","guid":{"rendered":"https:\/\/www.batmagazine.it\/notizie\/?p=152693"},"modified":"2023-09-15T12:30:48","modified_gmt":"2023-09-15T10:30:48","slug":"andria-in-1-anno-elevate-483-sanzioni-per-bici-e-monopattini-elettrici","status":"publish","type":"post","link":"https:\/\/www.batmagazine.it\/notizie\/2023\/09\/15\/andria-in-1-anno-elevate-483-sanzioni-per-bici-e-monopattini-elettrici\/","title":{"rendered":"Andria &#8211; In 1 anno elevate 483 sanzioni per bici e monopattini elettrici"},"content":{"rendered":"\n<p>Potenziati i controlli da parte della <strong>Polizia Locale di Andria<\/strong> per garantire la sicurezza stradale.<\/p>\n\n\n\n<p>In questi mesi estivi gli Agenti della Polizia Locale hanno espletato servizi specifici, infatti sono stati predisposti <strong>n. 20 interventi straordinari<\/strong> di presidio e pattugliamento del territorio per contrastare quei comportamenti scorretti legati alla guida dei veicoli elettrici, bici e monopattini, che mettono a rischio l\u2019incolumit\u00e0 propria e degli altri utenti della strada.<\/p>\n\n\n\n<p>Sono stati elevati <strong>209 verbali<\/strong>, invece, sono stati <strong>483 i veicoli elettrici sanzionati<\/strong>, dall\u2019estate 2022 ad oggi, per violazione dell\u2019Ordinanza Sindacale n. 117 in cui vige il divieto di transito nelle aree pedonali e per violazioni alle norme dettate dal Codice della Strada.<\/p>\n\n\n\n<p>Si rammenta che i monopattini elettrici possono essere guidati dopo il raggiungimento del <strong>14esimo anno di et\u00e0<\/strong> e con obbligo di indossare il casco <strong>fino ai 18 anni<\/strong>.<\/p>\n\n\n\n<p>In caso di minori di anni 18, la contestazione ed anche il relativo verbale, sar\u00e0 rivolta ai genitori, quali esercenti la patria potest\u00e0.<\/p>\n\n\n\n<p>I ciclisti devono procedere su unica fila e comunque mai affiancati in numero superiore a due, devono avere libero l\u2019uso delle braccia e mani e reggere il manubrio almeno con una mano. \u00c8 vietato trasportare altre persone sul velocipede almeno che lo stesso non sia appositamente costruito ed attrezzato.<\/p>\n\n\n\n<p>Il fine di questi controlli \u00e8 quello di tutelare la sicurezza urbana e la pubblica incolumit\u00e0 sia di chi guida questi veicoli e sia gli altri utenti della strada, soprattutto quelli pi\u00f9 deboli: i pedoni. <br>I controlli continueranno nei prossimi giorni.<\/p>\n\n\n\n<figure class=\"wp-block-gallery has-nested-images columns-default is-cropped wp-block-gallery-1 is-layout-flex wp-block-gallery-is-layout-flex\">\n<figure class=\"wp-block-image size-full\"><img fetchpriority=\"high\" decoding=\"async\" width=\"320\" height=\"213\" data-id=\"152699\" src=\"https:\/\/www.batmagazine.it\/notizie\/wp-content\/uploads\/2023\/09\/foto-2-1.jpg\" alt=\"\" class=\"wp-image-152699\" srcset=\"https:\/\/www.batmagazine.it\/notizie\/wp-content\/uploads\/2023\/09\/foto-2-1.jpg 320w, https:\/\/www.batmagazine.it\/notizie\/wp-content\/uploads\/2023\/09\/foto-2-1-300x200.jpg 300w\" sizes=\"(max-width: 320px) 100vw, 320px\" \/><\/figure>\n\n\n\n<figure class=\"wp-block-image size-full\"><img decoding=\"async\" width=\"320\" height=\"222\" data-id=\"152700\" src=\"https:\/\/www.batmagazine.it\/notizie\/wp-content\/uploads\/2023\/09\/foto-3-1.jpg\" alt=\"\" class=\"wp-image-152700\" srcset=\"https:\/\/www.batmagazine.it\/notizie\/wp-content\/uploads\/2023\/09\/foto-3-1.jpg 320w, https:\/\/www.batmagazine.it\/notizie\/wp-content\/uploads\/2023\/09\/foto-3-1-300x208.jpg 300w, https:\/\/www.batmagazine.it\/notizie\/wp-content\/uploads\/2023\/09\/foto-3-1-218x150.jpg 218w\" sizes=\"(max-width: 320px) 100vw, 320px\" \/><\/figure>\n<\/figure>\n","protected":false},"excerpt":{"rendered":"<p>Il fine di questi controlli \u00e8 quello di tutelare la sicurezza urbana e la pubblica incolumit\u00e0 sia di chi guida questi veicoli e sia gli altri utenti della strada, soprattutto quelli pi\u00f9 deboli: i pedoni<\/p>\n","protected":false},"author":2,"featured_media":134851,"comment_status":"closed","ping_status":"closed","sticky":false,"template":"","format":"standard","meta":{"footnotes":""},"categories":[16,1335,3],"tags":[679,12111,12838,2553,3069,5685,15045],"class_list":{"0":"post-152693","1":"post","2":"type-post","3":"status-publish","4":"format-standard","5":"has-post-thumbnail","7":"category-andria","8":"category-bonus-modulistica","9":"category-cronaca","10":"tag-andria","11":"tag-bici","12":"tag-monopattini-elettrici","13":"tag-polizia-locale","14":"tag-sanzioni","15":"tag-veicoli-elettrici","16":"tag-verbali"},"featured_image_url":"https:\/\/www.batmagazine.it\/notizie\/wp-content\/uploads\/2022\/06\/Bici-elettriche-1024x768.jpg","primary_category":{"id":16,"name":"Andria"},"author_name":"Redazione","yoast_head":"<!-- This site is optimized with the Yoast SEO plugin v26.8 - https:\/\/yoast.com\/product\/yoast-seo-wordpress\/ -->\n<title>Andria &#8211; In 1 anno elevate 483 sanzioni per bici e monopattini elettrici - BATmagazine<\/title>\n<meta name=\"description\" content=\"Il fine di questi controlli \u00e8 quello di tutelare la sicurezza urbana e la pubblica incolumit\u00e0 sia di chi guida questi veicoli e sia gli altri utenti della strada, soprattutto quelli pi\u00f9 deboli: i pedoni\" \/>\n<meta name=\"robots\" content=\"index, follow, max-snippet:-1, max-image-preview:large, max-video-preview:-1\" \/>\n<link rel=\"canonical\" href=\"https:\/\/www.batmagazine.it\/notizie\/2023\/09\/15\/andria-in-1-anno-elevate-483-sanzioni-per-bici-e-monopattini-elettrici\/\" \/>\n<meta property=\"og:locale\" content=\"it_IT\" \/>\n<meta property=\"og:type\" content=\"article\" \/>\n<meta property=\"og:title\" content=\"Andria &#8211; In 1 anno elevate 483 sanzioni per bici e monopattini elettrici - BATmagazine\" \/>\n<meta property=\"og:description\" content=\"Il fine di questi controlli \u00e8 quello di tutelare la sicurezza urbana e la pubblica incolumit\u00e0 sia di chi guida questi veicoli e sia gli altri utenti della strada, soprattutto quelli pi\u00f9 deboli: i pedoni\" \/>\n<meta property=\"og:url\" content=\"https:\/\/www.batmagazine.it\/notizie\/2023\/09\/15\/andria-in-1-anno-elevate-483-sanzioni-per-bici-e-monopattini-elettrici\/\" \/>\n<meta property=\"og:site_name\" content=\"BATmagazine\" \/>\n<meta property=\"article:publisher\" content=\"https:\/\/www.facebook.com\/BatMagazine\" \/>\n<meta property=\"article:published_time\" content=\"2023-09-15T10:26:29+00:00\" \/>\n<meta property=\"article:modified_time\" content=\"2023-09-15T10:30:48+00:00\" \/>\n<meta property=\"og:image\" content=\"https:\/\/www.batmagazine.it\/notizie\/wp-content\/uploads\/2022\/06\/Bici-elettriche.jpg\" \/>\n\t<meta property=\"og:image:width\" content=\"2000\" \/>\n\t<meta property=\"og:image:height\" content=\"1500\" \/>\n\t<meta property=\"og:image:type\" content=\"image\/jpeg\" \/>\n<meta name=\"author\" content=\"Redazione\" \/>\n<meta name=\"twitter:card\" content=\"summary_large_image\" \/>\n<meta name=\"twitter:label1\" content=\"Scritto da\" \/>\n\t<meta name=\"twitter:data1\" content=\"Redazione\" \/>\n\t<meta name=\"twitter:label2\" content=\"Tempo di lettura stimato\" \/>\n\t<meta name=\"twitter:data2\" content=\"2 minuti\" \/>\n<script type=\"application\/ld+json\" class=\"yoast-schema-graph\">{\"@context\":\"https:\/\/schema.org\",\"@graph\":[{\"@type\":\"Article\",\"@id\":\"https:\/\/www.batmagazine.it\/notizie\/2023\/09\/15\/andria-in-1-anno-elevate-483-sanzioni-per-bici-e-monopattini-elettrici\/#article\",\"isPartOf\":{\"@id\":\"https:\/\/www.batmagazine.it\/notizie\/2023\/09\/15\/andria-in-1-anno-elevate-483-sanzioni-per-bici-e-monopattini-elettrici\/\"},\"author\":{\"name\":\"Redazione\",\"@id\":\"https:\/\/www.batmagazine.it\/notizie\/#\/schema\/person\/f25ee2762381b507b66ff3f592fb3a5c\"},\"headline\":\"Andria &#8211; In 1 anno elevate 483 sanzioni per bici e monopattini elettrici\",\"datePublished\":\"2023-09-15T10:26:29+00:00\",\"dateModified\":\"2023-09-15T10:30:48+00:00\",\"mainEntityOfPage\":{\"@id\":\"https:\/\/www.batmagazine.it\/notizie\/2023\/09\/15\/andria-in-1-anno-elevate-483-sanzioni-per-bici-e-monopattini-elettrici\/\"},\"wordCount\":257,\"publisher\":{\"@id\":\"https:\/\/www.batmagazine.it\/notizie\/#organization\"},\"image\":{\"@id\":\"https:\/\/www.batmagazine.it\/notizie\/2023\/09\/15\/andria-in-1-anno-elevate-483-sanzioni-per-bici-e-monopattini-elettrici\/#primaryimage\"},\"thumbnailUrl\":\"https:\/\/www.batmagazine.it\/notizie\/wp-content\/uploads\/2022\/06\/Bici-elettriche.jpg\",\"keywords\":[\"andria\",\"Bici\",\"Monopattini elettrici\",\"Polizia locale\",\"sanzioni\",\"Veicoli elettrici\",\"Verbali\"],\"articleSection\":[\"Andria\",\"Bonus fiscali\",\"Cronaca\"],\"inLanguage\":\"it-IT\"},{\"@type\":\"WebPage\",\"@id\":\"https:\/\/www.batmagazine.it\/notizie\/2023\/09\/15\/andria-in-1-anno-elevate-483-sanzioni-per-bici-e-monopattini-elettrici\/\",\"url\":\"https:\/\/www.batmagazine.it\/notizie\/2023\/09\/15\/andria-in-1-anno-elevate-483-sanzioni-per-bici-e-monopattini-elettrici\/\",\"name\":\"Andria &#8211; In 1 anno elevate 483 sanzioni per bici e monopattini elettrici - BATmagazine\",\"isPartOf\":{\"@id\":\"https:\/\/www.batmagazine.it\/notizie\/#website\"},\"primaryImageOfPage\":{\"@id\":\"https:\/\/www.batmagazine.it\/notizie\/2023\/09\/15\/andria-in-1-anno-elevate-483-sanzioni-per-bici-e-monopattini-elettrici\/#primaryimage\"},\"image\":{\"@id\":\"https:\/\/www.batmagazine.it\/notizie\/2023\/09\/15\/andria-in-1-anno-elevate-483-sanzioni-per-bici-e-monopattini-elettrici\/#primaryimage\"},\"thumbnailUrl\":\"https:\/\/www.batmagazine.it\/notizie\/wp-content\/uploads\/2022\/06\/Bici-elettriche.jpg\",\"datePublished\":\"2023-09-15T10:26:29+00:00\",\"dateModified\":\"2023-09-15T10:30:48+00:00\",\"description\":\"Il fine di questi controlli \u00e8 quello di tutelare la sicurezza urbana e la pubblica incolumit\u00e0 sia di chi guida questi veicoli e sia gli altri utenti della strada, soprattutto quelli pi\u00f9 deboli: i pedoni\",\"breadcrumb\":{\"@id\":\"https:\/\/www.batmagazine.it\/notizie\/2023\/09\/15\/andria-in-1-anno-elevate-483-sanzioni-per-bici-e-monopattini-elettrici\/#breadcrumb\"},\"inLanguage\":\"it-IT\",\"potentialAction\":[{\"@type\":\"ReadAction\",\"target\":[\"https:\/\/www.batmagazine.it\/notizie\/2023\/09\/15\/andria-in-1-anno-elevate-483-sanzioni-per-bici-e-monopattini-elettrici\/\"]}]},{\"@type\":\"ImageObject\",\"inLanguage\":\"it-IT\",\"@id\":\"https:\/\/www.batmagazine.it\/notizie\/2023\/09\/15\/andria-in-1-anno-elevate-483-sanzioni-per-bici-e-monopattini-elettrici\/#primaryimage\",\"url\":\"https:\/\/www.batmagazine.it\/notizie\/wp-content\/uploads\/2022\/06\/Bici-elettriche.jpg\",\"contentUrl\":\"https:\/\/www.batmagazine.it\/notizie\/wp-content\/uploads\/2022\/06\/Bici-elettriche.jpg\",\"width\":2000,\"height\":1500},{\"@type\":\"BreadcrumbList\",\"@id\":\"https:\/\/www.batmagazine.it\/notizie\/2023\/09\/15\/andria-in-1-anno-elevate-483-sanzioni-per-bici-e-monopattini-elettrici\/#breadcrumb\",\"itemListElement\":[{\"@type\":\"ListItem\",\"position\":1,\"name\":\"Home\",\"item\":\"https:\/\/www.batmagazine.it\/notizie\/\"},{\"@type\":\"ListItem\",\"position\":2,\"name\":\"Andria &#8211; In 1 anno elevate 483 sanzioni per bici e monopattini elettrici\"}]},{\"@type\":\"WebSite\",\"@id\":\"https:\/\/www.batmagazine.it\/notizie\/#website\",\"url\":\"https:\/\/www.batmagazine.it\/notizie\/\",\"name\":\"BATmagazine\",\"description\":\"Notizie Barletta Andria Trani\",\"publisher\":{\"@id\":\"https:\/\/www.batmagazine.it\/notizie\/#organization\"},\"potentialAction\":[{\"@type\":\"SearchAction\",\"target\":{\"@type\":\"EntryPoint\",\"urlTemplate\":\"https:\/\/www.batmagazine.it\/notizie\/?s={search_term_string}\"},\"query-input\":{\"@type\":\"PropertyValueSpecification\",\"valueRequired\":true,\"valueName\":\"search_term_string\"}}],\"inLanguage\":\"it-IT\"},{\"@type\":\"Organization\",\"@id\":\"https:\/\/www.batmagazine.it\/notizie\/#organization\",\"name\":\"BATmagazine\",\"url\":\"https:\/\/www.batmagazine.it\/notizie\/\",\"logo\":{\"@type\":\"ImageObject\",\"inLanguage\":\"it-IT\",\"@id\":\"https:\/\/www.batmagazine.it\/notizie\/#\/schema\/logo\/image\/\",\"url\":\"https:\/\/www.batmagazine.it\/notizie\/wp-content\/uploads\/2022\/08\/batlogo.png\",\"contentUrl\":\"https:\/\/www.batmagazine.it\/notizie\/wp-content\/uploads\/2022\/08\/batlogo.png\",\"width\":246,\"height\":96,\"caption\":\"BATmagazine\"},\"image\":{\"@id\":\"https:\/\/www.batmagazine.it\/notizie\/#\/schema\/logo\/image\/\"},\"sameAs\":[\"https:\/\/www.facebook.com\/BatMagazine\"]},{\"@type\":\"Person\",\"@id\":\"https:\/\/www.batmagazine.it\/notizie\/#\/schema\/person\/f25ee2762381b507b66ff3f592fb3a5c\",\"name\":\"Redazione\",\"image\":{\"@type\":\"ImageObject\",\"inLanguage\":\"it-IT\",\"@id\":\"https:\/\/www.batmagazine.it\/notizie\/#\/schema\/person\/image\/\",\"url\":\"https:\/\/www.batmagazine.it\/notizie\/wp-content\/uploads\/2020\/07\/Schermata-2020-07-06-alle-16.52.14.png\",\"contentUrl\":\"https:\/\/www.batmagazine.it\/notizie\/wp-content\/uploads\/2020\/07\/Schermata-2020-07-06-alle-16.52.14.png\",\"caption\":\"Redazione\"},\"url\":\"https:\/\/www.batmagazine.it\/notizie\/author\/redazione\/\"}]}<\/script>\n<!-- \/ Yoast SEO plugin. -->","yoast_head_json":{"title":"Andria &#8211; In 1 anno elevate 483 sanzioni per bici e monopattini elettrici - BATmagazine","description":"Il fine di questi controlli \u00e8 quello di tutelare la sicurezza urbana e la pubblica incolumit\u00e0 sia di chi guida questi veicoli e sia gli altri utenti della strada, soprattutto quelli pi\u00f9 deboli: i pedoni","robots":{"index":"index","follow":"follow","max-snippet":"max-snippet:-1","max-image-preview":"max-image-preview:large","max-video-preview":"max-video-preview:-1"},"canonical":"https:\/\/www.batmagazine.it\/notizie\/2023\/09\/15\/andria-in-1-anno-elevate-483-sanzioni-per-bici-e-monopattini-elettrici\/","og_locale":"it_IT","og_type":"article","og_title":"Andria &#8211; In 1 anno elevate 483 sanzioni per bici e monopattini elettrici - BATmagazine","og_description":"Il fine di questi controlli \u00e8 quello di tutelare la sicurezza urbana e la pubblica incolumit\u00e0 sia di chi guida questi veicoli e sia gli altri utenti della strada, soprattutto quelli pi\u00f9 deboli: i pedoni","og_url":"https:\/\/www.batmagazine.it\/notizie\/2023\/09\/15\/andria-in-1-anno-elevate-483-sanzioni-per-bici-e-monopattini-elettrici\/","og_site_name":"BATmagazine","article_publisher":"https:\/\/www.facebook.com\/BatMagazine","article_published_time":"2023-09-15T10:26:29+00:00","article_modified_time":"2023-09-15T10:30:48+00:00","og_image":[{"width":2000,"height":1500,"url":"https:\/\/www.batmagazine.it\/notizie\/wp-content\/uploads\/2022\/06\/Bici-elettriche.jpg","type":"image\/jpeg"}],"author":"Redazione","twitter_card":"summary_large_image","twitter_misc":{"Scritto da":"Redazione","Tempo di lettura stimato":"2 minuti"},"schema":{"@context":"https:\/\/schema.org","@graph":[{"@type":"Article","@id":"https:\/\/www.batmagazine.it\/notizie\/2023\/09\/15\/andria-in-1-anno-elevate-483-sanzioni-per-bici-e-monopattini-elettrici\/#article","isPartOf":{"@id":"https:\/\/www.batmagazine.it\/notizie\/2023\/09\/15\/andria-in-1-anno-elevate-483-sanzioni-per-bici-e-monopattini-elettrici\/"},"author":{"name":"Redazione","@id":"https:\/\/www.batmagazine.it\/notizie\/#\/schema\/person\/f25ee2762381b507b66ff3f592fb3a5c"},"headline":"Andria &#8211; In 1 anno elevate 483 sanzioni per bici e monopattini elettrici","datePublished":"2023-09-15T10:26:29+00:00","dateModified":"2023-09-15T10:30:48+00:00","mainEntityOfPage":{"@id":"https:\/\/www.batmagazine.it\/notizie\/2023\/09\/15\/andria-in-1-anno-elevate-483-sanzioni-per-bici-e-monopattini-elettrici\/"},"wordCount":257,"publisher":{"@id":"https:\/\/www.batmagazine.it\/notizie\/#organization"},"image":{"@id":"https:\/\/www.batmagazine.it\/notizie\/2023\/09\/15\/andria-in-1-anno-elevate-483-sanzioni-per-bici-e-monopattini-elettrici\/#primaryimage"},"thumbnailUrl":"https:\/\/www.batmagazine.it\/notizie\/wp-content\/uploads\/2022\/06\/Bici-elettriche.jpg","keywords":["andria","Bici","Monopattini elettrici","Polizia locale","sanzioni","Veicoli elettrici","Verbali"],"articleSection":["Andria","Bonus fiscali","Cronaca"],"inLanguage":"it-IT"},{"@type":"WebPage","@id":"https:\/\/www.batmagazine.it\/notizie\/2023\/09\/15\/andria-in-1-anno-elevate-483-sanzioni-per-bici-e-monopattini-elettrici\/","url":"https:\/\/www.batmagazine.it\/notizie\/2023\/09\/15\/andria-in-1-anno-elevate-483-sanzioni-per-bici-e-monopattini-elettrici\/","name":"Andria &#8211; In 1 anno elevate 483 sanzioni per bici e monopattini elettrici - BATmagazine","isPartOf":{"@id":"https:\/\/www.batmagazine.it\/notizie\/#website"},"primaryImageOfPage":{"@id":"https:\/\/www.batmagazine.it\/notizie\/2023\/09\/15\/andria-in-1-anno-elevate-483-sanzioni-per-bici-e-monopattini-elettrici\/#primaryimage"},"image":{"@id":"https:\/\/www.batmagazine.it\/notizie\/2023\/09\/15\/andria-in-1-anno-elevate-483-sanzioni-per-bici-e-monopattini-elettrici\/#primaryimage"},"thumbnailUrl":"https:\/\/www.batmagazine.it\/notizie\/wp-content\/uploads\/2022\/06\/Bici-elettriche.jpg","datePublished":"2023-09-15T10:26:29+00:00","dateModified":"2023-09-15T10:30:48+00:00","description":"Il fine di questi controlli \u00e8 quello di tutelare la sicurezza urbana e la pubblica incolumit\u00e0 sia di chi guida questi veicoli e sia gli altri utenti della strada, soprattutto quelli pi\u00f9 deboli: i pedoni","breadcrumb":{"@id":"https:\/\/www.batmagazine.it\/notizie\/2023\/09\/15\/andria-in-1-anno-elevate-483-sanzioni-per-bici-e-monopattini-elettrici\/#breadcrumb"},"inLanguage":"it-IT","potentialAction":[{"@type":"ReadAction","target":["https:\/\/www.batmagazine.it\/notizie\/2023\/09\/15\/andria-in-1-anno-elevate-483-sanzioni-per-bici-e-monopattini-elettrici\/"]}]},{"@type":"ImageObject","inLanguage":"it-IT","@id":"https:\/\/www.batmagazine.it\/notizie\/2023\/09\/15\/andria-in-1-anno-elevate-483-sanzioni-per-bici-e-monopattini-elettrici\/#primaryimage","url":"https:\/\/www.batmagazine.it\/notizie\/wp-content\/uploads\/2022\/06\/Bici-elettriche.jpg","contentUrl":"https:\/\/www.batmagazine.it\/notizie\/wp-content\/uploads\/2022\/06\/Bici-elettriche.jpg","width":2000,"height":1500},{"@type":"BreadcrumbList","@id":"https:\/\/www.batmagazine.it\/notizie\/2023\/09\/15\/andria-in-1-anno-elevate-483-sanzioni-per-bici-e-monopattini-elettrici\/#breadcrumb","itemListElement":[{"@type":"ListItem","position":1,"name":"Home","item":"https:\/\/www.batmagazine.it\/notizie\/"},{"@type":"ListItem","position":2,"name":"Andria &#8211; In 1 anno elevate 483 sanzioni per bici e monopattini elettrici"}]},{"@type":"WebSite","@id":"https:\/\/www.batmagazine.it\/notizie\/#website","url":"https:\/\/www.batmagazine.it\/notizie\/","name":"BATmagazine","description":"Notizie Barletta Andria Trani","publisher":{"@id":"https:\/\/www.batmagazine.it\/notizie\/#organization"},"potentialAction":[{"@type":"SearchAction","target":{"@type":"EntryPoint","urlTemplate":"https:\/\/www.batmagazine.it\/notizie\/?s={search_term_string}"},"query-input":{"@type":"PropertyValueSpecification","valueRequired":true,"valueName":"search_term_string"}}],"inLanguage":"it-IT"},{"@type":"Organization","@id":"https:\/\/www.batmagazine.it\/notizie\/#organization","name":"BATmagazine","url":"https:\/\/www.batmagazine.it\/notizie\/","logo":{"@type":"ImageObject","inLanguage":"it-IT","@id":"https:\/\/www.batmagazine.it\/notizie\/#\/schema\/logo\/image\/","url":"https:\/\/www.batmagazine.it\/notizie\/wp-content\/uploads\/2022\/08\/batlogo.png","contentUrl":"https:\/\/www.batmagazine.it\/notizie\/wp-content\/uploads\/2022\/08\/batlogo.png","width":246,"height":96,"caption":"BATmagazine"},"image":{"@id":"https:\/\/www.batmagazine.it\/notizie\/#\/schema\/logo\/image\/"},"sameAs":["https:\/\/www.facebook.com\/BatMagazine"]},{"@type":"Person","@id":"https:\/\/www.batmagazine.it\/notizie\/#\/schema\/person\/f25ee2762381b507b66ff3f592fb3a5c","name":"Redazione","image":{"@type":"ImageObject","inLanguage":"it-IT","@id":"https:\/\/www.batmagazine.it\/notizie\/#\/schema\/person\/image\/","url":"https:\/\/www.batmagazine.it\/notizie\/wp-content\/uploads\/2020\/07\/Schermata-2020-07-06-alle-16.52.14.png","contentUrl":"https:\/\/www.batmagazine.it\/notizie\/wp-content\/uploads\/2020\/07\/Schermata-2020-07-06-alle-16.52.14.png","caption":"Redazione"},"url":"https:\/\/www.batmagazine.it\/notizie\/author\/redazione\/"}]}},"_links":{"self":[{"href":"https:\/\/www.batmagazine.it\/notizie\/wp-json\/wp\/v2\/posts\/152693","targetHints":{"allow":["GET"]}}],"collection":[{"href":"https:\/\/www.batmagazine.it\/notizie\/wp-json\/wp\/v2\/posts"}],"about":[{"href":"https:\/\/www.batmagazine.it\/notizie\/wp-json\/wp\/v2\/types\/post"}],"author":[{"embeddable":true,"href":"https:\/\/www.batmagazine.it\/notizie\/wp-json\/wp\/v2\/users\/2"}],"replies":[{"embeddable":true,"href":"https:\/\/www.batmagazine.it\/notizie\/wp-json\/wp\/v2\/comments?post=152693"}],"version-history":[{"count":2,"href":"https:\/\/www.batmagazine.it\/notizie\/wp-json\/wp\/v2\/posts\/152693\/revisions"}],"predecessor-version":[{"id":152701,"href":"https:\/\/www.batmagazine.it\/notizie\/wp-json\/wp\/v2\/posts\/152693\/revisions\/152701"}],"wp:featuredmedia":[{"embeddable":true,"href":"https:\/\/www.batmagazine.it\/notizie\/wp-json\/wp\/v2\/media\/134851"}],"wp:attachment":[{"href":"https:\/\/www.batmagazine.it\/notizie\/wp-json\/wp\/v2\/media?parent=152693"}],"wp:term":[{"taxonomy":"category","embeddable":true,"href":"https:\/\/www.batmagazine.it\/notizie\/wp-json\/wp\/v2\/categories?post=152693"},{"taxonomy":"post_tag","embeddable":true,"href":"https:\/\/www.batmagazine.it\/notizie\/wp-json\/wp\/v2\/tags?post=152693"}],"curies":[{"name":"wp","href":"https:\/\/api.w.org\/{rel}","templated":true}]}}