{"id":159222,"date":"2024-01-25T10:16:48","date_gmt":"2024-01-25T09:16:48","guid":{"rendered":"https:\/\/www.batmagazine.it\/notizie\/?p=159222"},"modified":"2024-01-25T10:16:50","modified_gmt":"2024-01-25T09:16:50","slug":"barletta-ztl-centro-storico-dal-19-febbraio-totalmente-operativi-i-sette-varchi","status":"publish","type":"post","link":"https:\/\/www.batmagazine.it\/notizie\/2024\/01\/25\/barletta-ztl-centro-storico-dal-19-febbraio-totalmente-operativi-i-sette-varchi\/","title":{"rendered":"Barletta &#8211; ZTL centro storico, dal 19 febbraio totalmente operativi i sette varchi"},"content":{"rendered":"\n<p><strong>Dal 19 febbraio 2024<\/strong> terminer\u00e0 il periodo di pre-esercizio della Zona Traffico Limitato nel centro storico di Barletta e saranno <strong>totalmente operativi i sette varchi<\/strong> che permettono l\u2019accesso e l\u2019uscita dall\u2019area:<\/p>\n\n\n\n<p>&#8211; corso V. Emanuele all\u2019incrocio con via Municipio; <br>&#8211; corso V. Emanuele all\u2019incrocio con via Nazareth; <br>&#8211; corso Garibaldi all\u2019incrocio con via Cavour; <br>&#8211; via Cavour all\u2019incrocio con vico Cambio; <br>&#8211; via Cavour all\u2019incrocio con via Carlo V d\u2019Asburgo; <br>&#8211; piazza Marina all\u2019incrocio con via Marina; <br>&#8211; piazza Marina all\u2019incrocio con via Mura San Cataldo.<\/p>\n\n\n\n<p>La Ztl sar\u00e0 attiva <strong>dal luned\u00ec al venerd\u00ec dalle 21 alle 2<\/strong>; sabato <strong>dalle 14 a mezzanotte<\/strong>; la domenica <strong>per tutta la giornata<\/strong> per tutti eccetto veicoli autorizzati. <br>Per ogni ulteriore informazione circa lo stato del proprio veicolo \u00e8 possibile telefonare al numero <strong>0883 3001<\/strong>.<\/p>\n\n\n\n<p>Per ogni ulteriore necessit\u00e0 circa la conoscenza delle categorie di utenti autorizzabili all\u2019accesso, le tariffe stabilite per ogni tipologia di autorizzazione ed ogni altra notizia, si invitano gli interessati a consultare il sito istituzionale del Comune di Barletta,\u00a0<a href=\"https:\/\/www3.comune.barletta.bt.it\/retecivica\/utt\/ztl.html\" target=\"_blank\" rel=\"noreferrer noopener\">cliccando qui.<\/a><\/p>\n","protected":false},"excerpt":{"rendered":"<p>Dal 19 febbraio 2024 terminer\u00e0 il periodo di pre-esercizio della Zona Traffico Limitato nel centro storico di Barletta e saranno totalmente operativi i sette varchi che permettono l\u2019accesso e l\u2019uscita dall\u2019area<\/p>\n","protected":false},"author":2,"featured_media":159223,"comment_status":"closed","ping_status":"closed","sticky":false,"template":"","format":"standard","meta":{"footnotes":""},"categories":[4,17],"tags":[2054,3146,5686,17719,11458,11699],"class_list":{"0":"post-159222","1":"post","2":"type-post","3":"status-publish","4":"format-standard","5":"has-post-thumbnail","7":"category-attualita","8":"category-barletta","9":"tag-barletta","10":"tag-centro-storico","11":"tag-pass","12":"tag-varchi-attivi","13":"tag-zona-traffico-limitato","14":"tag-ztl"},"featured_image_url":"https:\/\/www.batmagazine.it\/notizie\/wp-content\/uploads\/2024\/01\/Screenshot-2024-01-25-101615.png","primary_category":{"id":4,"name":"Attualit\u00e0"},"author_name":"Redazione","yoast_head":"<!-- This site is optimized with the Yoast SEO plugin v26.8 - https:\/\/yoast.com\/product\/yoast-seo-wordpress\/ -->\n<title>Barletta &#8211; ZTL centro storico, dal 19 febbraio totalmente operativi i sette varchi - BATmagazine<\/title>\n<meta name=\"description\" content=\"Dal 19 febbraio 2024 terminer\u00e0 il periodo di pre-esercizio della Zona Traffico Limitato nel centro storico di Barletta e saranno totalmente operativi i sette varchi che permettono l\u2019accesso e l\u2019uscita dall\u2019area\" \/>\n<meta name=\"robots\" content=\"index, follow, max-snippet:-1, max-image-preview:large, max-video-preview:-1\" \/>\n<link rel=\"canonical\" href=\"https:\/\/www.batmagazine.it\/notizie\/2024\/01\/25\/barletta-ztl-centro-storico-dal-19-febbraio-totalmente-operativi-i-sette-varchi\/\" \/>\n<meta property=\"og:locale\" content=\"it_IT\" \/>\n<meta property=\"og:type\" content=\"article\" \/>\n<meta property=\"og:title\" content=\"Barletta &#8211; ZTL centro storico, dal 19 febbraio totalmente operativi i sette varchi - BATmagazine\" \/>\n<meta property=\"og:description\" content=\"Dal 19 febbraio 2024 terminer\u00e0 il periodo di pre-esercizio della Zona Traffico Limitato nel centro storico di Barletta e saranno totalmente operativi i sette varchi che permettono l\u2019accesso e l\u2019uscita dall\u2019area\" \/>\n<meta property=\"og:url\" content=\"https:\/\/www.batmagazine.it\/notizie\/2024\/01\/25\/barletta-ztl-centro-storico-dal-19-febbraio-totalmente-operativi-i-sette-varchi\/\" \/>\n<meta property=\"og:site_name\" content=\"BATmagazine\" \/>\n<meta property=\"article:publisher\" content=\"https:\/\/www.facebook.com\/BatMagazine\" \/>\n<meta property=\"article:published_time\" content=\"2024-01-25T09:16:48+00:00\" \/>\n<meta property=\"article:modified_time\" content=\"2024-01-25T09:16:50+00:00\" \/>\n<meta property=\"og:image\" content=\"https:\/\/www.batmagazine.it\/notizie\/wp-content\/uploads\/2024\/01\/Screenshot-2024-01-25-101615.png\" \/>\n\t<meta property=\"og:image:width\" content=\"932\" \/>\n\t<meta property=\"og:image:height\" content=\"550\" \/>\n\t<meta property=\"og:image:type\" content=\"image\/png\" \/>\n<meta name=\"author\" content=\"Redazione\" \/>\n<meta name=\"twitter:card\" content=\"summary_large_image\" \/>\n<meta name=\"twitter:label1\" content=\"Scritto da\" \/>\n\t<meta name=\"twitter:data1\" content=\"Redazione\" \/>\n\t<meta name=\"twitter:label2\" content=\"Tempo di lettura stimato\" \/>\n\t<meta name=\"twitter:data2\" content=\"2 minuti\" \/>\n<script type=\"application\/ld+json\" class=\"yoast-schema-graph\">{\"@context\":\"https:\/\/schema.org\",\"@graph\":[{\"@type\":\"Article\",\"@id\":\"https:\/\/www.batmagazine.it\/notizie\/2024\/01\/25\/barletta-ztl-centro-storico-dal-19-febbraio-totalmente-operativi-i-sette-varchi\/#article\",\"isPartOf\":{\"@id\":\"https:\/\/www.batmagazine.it\/notizie\/2024\/01\/25\/barletta-ztl-centro-storico-dal-19-febbraio-totalmente-operativi-i-sette-varchi\/\"},\"author\":{\"name\":\"Redazione\",\"@id\":\"https:\/\/www.batmagazine.it\/notizie\/#\/schema\/person\/f25ee2762381b507b66ff3f592fb3a5c\"},\"headline\":\"Barletta &#8211; ZTL centro storico, dal 19 febbraio totalmente operativi i sette varchi\",\"datePublished\":\"2024-01-25T09:16:48+00:00\",\"dateModified\":\"2024-01-25T09:16:50+00:00\",\"mainEntityOfPage\":{\"@id\":\"https:\/\/www.batmagazine.it\/notizie\/2024\/01\/25\/barletta-ztl-centro-storico-dal-19-febbraio-totalmente-operativi-i-sette-varchi\/\"},\"wordCount\":186,\"publisher\":{\"@id\":\"https:\/\/www.batmagazine.it\/notizie\/#organization\"},\"image\":{\"@id\":\"https:\/\/www.batmagazine.it\/notizie\/2024\/01\/25\/barletta-ztl-centro-storico-dal-19-febbraio-totalmente-operativi-i-sette-varchi\/#primaryimage\"},\"thumbnailUrl\":\"https:\/\/www.batmagazine.it\/notizie\/wp-content\/uploads\/2024\/01\/Screenshot-2024-01-25-101615.png\",\"keywords\":[\"barletta\",\"centro storico\",\"Pass\",\"Varchi attivi\",\"Zona traffico limitato\",\"Ztl\"],\"articleSection\":[\"Attualit\u00e0\",\"Barletta\"],\"inLanguage\":\"it-IT\"},{\"@type\":\"WebPage\",\"@id\":\"https:\/\/www.batmagazine.it\/notizie\/2024\/01\/25\/barletta-ztl-centro-storico-dal-19-febbraio-totalmente-operativi-i-sette-varchi\/\",\"url\":\"https:\/\/www.batmagazine.it\/notizie\/2024\/01\/25\/barletta-ztl-centro-storico-dal-19-febbraio-totalmente-operativi-i-sette-varchi\/\",\"name\":\"Barletta &#8211; ZTL centro storico, dal 19 febbraio totalmente operativi i sette varchi - BATmagazine\",\"isPartOf\":{\"@id\":\"https:\/\/www.batmagazine.it\/notizie\/#website\"},\"primaryImageOfPage\":{\"@id\":\"https:\/\/www.batmagazine.it\/notizie\/2024\/01\/25\/barletta-ztl-centro-storico-dal-19-febbraio-totalmente-operativi-i-sette-varchi\/#primaryimage\"},\"image\":{\"@id\":\"https:\/\/www.batmagazine.it\/notizie\/2024\/01\/25\/barletta-ztl-centro-storico-dal-19-febbraio-totalmente-operativi-i-sette-varchi\/#primaryimage\"},\"thumbnailUrl\":\"https:\/\/www.batmagazine.it\/notizie\/wp-content\/uploads\/2024\/01\/Screenshot-2024-01-25-101615.png\",\"datePublished\":\"2024-01-25T09:16:48+00:00\",\"dateModified\":\"2024-01-25T09:16:50+00:00\",\"description\":\"Dal 19 febbraio 2024 terminer\u00e0 il periodo di pre-esercizio della Zona Traffico Limitato nel centro storico di Barletta e saranno totalmente operativi i sette varchi che permettono l\u2019accesso e l\u2019uscita dall\u2019area\",\"breadcrumb\":{\"@id\":\"https:\/\/www.batmagazine.it\/notizie\/2024\/01\/25\/barletta-ztl-centro-storico-dal-19-febbraio-totalmente-operativi-i-sette-varchi\/#breadcrumb\"},\"inLanguage\":\"it-IT\",\"potentialAction\":[{\"@type\":\"ReadAction\",\"target\":[\"https:\/\/www.batmagazine.it\/notizie\/2024\/01\/25\/barletta-ztl-centro-storico-dal-19-febbraio-totalmente-operativi-i-sette-varchi\/\"]}]},{\"@type\":\"ImageObject\",\"inLanguage\":\"it-IT\",\"@id\":\"https:\/\/www.batmagazine.it\/notizie\/2024\/01\/25\/barletta-ztl-centro-storico-dal-19-febbraio-totalmente-operativi-i-sette-varchi\/#primaryimage\",\"url\":\"https:\/\/www.batmagazine.it\/notizie\/wp-content\/uploads\/2024\/01\/Screenshot-2024-01-25-101615.png\",\"contentUrl\":\"https:\/\/www.batmagazine.it\/notizie\/wp-content\/uploads\/2024\/01\/Screenshot-2024-01-25-101615.png\",\"width\":932,\"height\":550},{\"@type\":\"BreadcrumbList\",\"@id\":\"https:\/\/www.batmagazine.it\/notizie\/2024\/01\/25\/barletta-ztl-centro-storico-dal-19-febbraio-totalmente-operativi-i-sette-varchi\/#breadcrumb\",\"itemListElement\":[{\"@type\":\"ListItem\",\"position\":1,\"name\":\"Home\",\"item\":\"https:\/\/www.batmagazine.it\/notizie\/\"},{\"@type\":\"ListItem\",\"position\":2,\"name\":\"Barletta &#8211; ZTL centro storico, dal 19 febbraio totalmente operativi i sette varchi\"}]},{\"@type\":\"WebSite\",\"@id\":\"https:\/\/www.batmagazine.it\/notizie\/#website\",\"url\":\"https:\/\/www.batmagazine.it\/notizie\/\",\"name\":\"BATmagazine\",\"description\":\"Notizie Barletta Andria Trani\",\"publisher\":{\"@id\":\"https:\/\/www.batmagazine.it\/notizie\/#organization\"},\"potentialAction\":[{\"@type\":\"SearchAction\",\"target\":{\"@type\":\"EntryPoint\",\"urlTemplate\":\"https:\/\/www.batmagazine.it\/notizie\/?s={search_term_string}\"},\"query-input\":{\"@type\":\"PropertyValueSpecification\",\"valueRequired\":true,\"valueName\":\"search_term_string\"}}],\"inLanguage\":\"it-IT\"},{\"@type\":\"Organization\",\"@id\":\"https:\/\/www.batmagazine.it\/notizie\/#organization\",\"name\":\"BATmagazine\",\"url\":\"https:\/\/www.batmagazine.it\/notizie\/\",\"logo\":{\"@type\":\"ImageObject\",\"inLanguage\":\"it-IT\",\"@id\":\"https:\/\/www.batmagazine.it\/notizie\/#\/schema\/logo\/image\/\",\"url\":\"https:\/\/www.batmagazine.it\/notizie\/wp-content\/uploads\/2022\/08\/batlogo.png\",\"contentUrl\":\"https:\/\/www.batmagazine.it\/notizie\/wp-content\/uploads\/2022\/08\/batlogo.png\",\"width\":246,\"height\":96,\"caption\":\"BATmagazine\"},\"image\":{\"@id\":\"https:\/\/www.batmagazine.it\/notizie\/#\/schema\/logo\/image\/\"},\"sameAs\":[\"https:\/\/www.facebook.com\/BatMagazine\"]},{\"@type\":\"Person\",\"@id\":\"https:\/\/www.batmagazine.it\/notizie\/#\/schema\/person\/f25ee2762381b507b66ff3f592fb3a5c\",\"name\":\"Redazione\",\"image\":{\"@type\":\"ImageObject\",\"inLanguage\":\"it-IT\",\"@id\":\"https:\/\/www.batmagazine.it\/notizie\/#\/schema\/person\/image\/\",\"url\":\"https:\/\/www.batmagazine.it\/notizie\/wp-content\/uploads\/2020\/07\/Schermata-2020-07-06-alle-16.52.14.png\",\"contentUrl\":\"https:\/\/www.batmagazine.it\/notizie\/wp-content\/uploads\/2020\/07\/Schermata-2020-07-06-alle-16.52.14.png\",\"caption\":\"Redazione\"},\"url\":\"https:\/\/www.batmagazine.it\/notizie\/author\/redazione\/\"}]}<\/script>\n<!-- \/ Yoast SEO plugin. -->","yoast_head_json":{"title":"Barletta &#8211; ZTL centro storico, dal 19 febbraio totalmente operativi i sette varchi - BATmagazine","description":"Dal 19 febbraio 2024 terminer\u00e0 il periodo di pre-esercizio della Zona Traffico Limitato nel centro storico di Barletta e saranno totalmente operativi i sette varchi che permettono l\u2019accesso e l\u2019uscita dall\u2019area","robots":{"index":"index","follow":"follow","max-snippet":"max-snippet:-1","max-image-preview":"max-image-preview:large","max-video-preview":"max-video-preview:-1"},"canonical":"https:\/\/www.batmagazine.it\/notizie\/2024\/01\/25\/barletta-ztl-centro-storico-dal-19-febbraio-totalmente-operativi-i-sette-varchi\/","og_locale":"it_IT","og_type":"article","og_title":"Barletta &#8211; ZTL centro storico, dal 19 febbraio totalmente operativi i sette varchi - BATmagazine","og_description":"Dal 19 febbraio 2024 terminer\u00e0 il periodo di pre-esercizio della Zona Traffico Limitato nel centro storico di Barletta e saranno totalmente operativi i sette varchi che permettono l\u2019accesso e l\u2019uscita dall\u2019area","og_url":"https:\/\/www.batmagazine.it\/notizie\/2024\/01\/25\/barletta-ztl-centro-storico-dal-19-febbraio-totalmente-operativi-i-sette-varchi\/","og_site_name":"BATmagazine","article_publisher":"https:\/\/www.facebook.com\/BatMagazine","article_published_time":"2024-01-25T09:16:48+00:00","article_modified_time":"2024-01-25T09:16:50+00:00","og_image":[{"width":932,"height":550,"url":"https:\/\/www.batmagazine.it\/notizie\/wp-content\/uploads\/2024\/01\/Screenshot-2024-01-25-101615.png","type":"image\/png"}],"author":"Redazione","twitter_card":"summary_large_image","twitter_misc":{"Scritto da":"Redazione","Tempo di lettura stimato":"2 minuti"},"schema":{"@context":"https:\/\/schema.org","@graph":[{"@type":"Article","@id":"https:\/\/www.batmagazine.it\/notizie\/2024\/01\/25\/barletta-ztl-centro-storico-dal-19-febbraio-totalmente-operativi-i-sette-varchi\/#article","isPartOf":{"@id":"https:\/\/www.batmagazine.it\/notizie\/2024\/01\/25\/barletta-ztl-centro-storico-dal-19-febbraio-totalmente-operativi-i-sette-varchi\/"},"author":{"name":"Redazione","@id":"https:\/\/www.batmagazine.it\/notizie\/#\/schema\/person\/f25ee2762381b507b66ff3f592fb3a5c"},"headline":"Barletta &#8211; ZTL centro storico, dal 19 febbraio totalmente operativi i sette varchi","datePublished":"2024-01-25T09:16:48+00:00","dateModified":"2024-01-25T09:16:50+00:00","mainEntityOfPage":{"@id":"https:\/\/www.batmagazine.it\/notizie\/2024\/01\/25\/barletta-ztl-centro-storico-dal-19-febbraio-totalmente-operativi-i-sette-varchi\/"},"wordCount":186,"publisher":{"@id":"https:\/\/www.batmagazine.it\/notizie\/#organization"},"image":{"@id":"https:\/\/www.batmagazine.it\/notizie\/2024\/01\/25\/barletta-ztl-centro-storico-dal-19-febbraio-totalmente-operativi-i-sette-varchi\/#primaryimage"},"thumbnailUrl":"https:\/\/www.batmagazine.it\/notizie\/wp-content\/uploads\/2024\/01\/Screenshot-2024-01-25-101615.png","keywords":["barletta","centro storico","Pass","Varchi attivi","Zona traffico limitato","Ztl"],"articleSection":["Attualit\u00e0","Barletta"],"inLanguage":"it-IT"},{"@type":"WebPage","@id":"https:\/\/www.batmagazine.it\/notizie\/2024\/01\/25\/barletta-ztl-centro-storico-dal-19-febbraio-totalmente-operativi-i-sette-varchi\/","url":"https:\/\/www.batmagazine.it\/notizie\/2024\/01\/25\/barletta-ztl-centro-storico-dal-19-febbraio-totalmente-operativi-i-sette-varchi\/","name":"Barletta &#8211; ZTL centro storico, dal 19 febbraio totalmente operativi i sette varchi - BATmagazine","isPartOf":{"@id":"https:\/\/www.batmagazine.it\/notizie\/#website"},"primaryImageOfPage":{"@id":"https:\/\/www.batmagazine.it\/notizie\/2024\/01\/25\/barletta-ztl-centro-storico-dal-19-febbraio-totalmente-operativi-i-sette-varchi\/#primaryimage"},"image":{"@id":"https:\/\/www.batmagazine.it\/notizie\/2024\/01\/25\/barletta-ztl-centro-storico-dal-19-febbraio-totalmente-operativi-i-sette-varchi\/#primaryimage"},"thumbnailUrl":"https:\/\/www.batmagazine.it\/notizie\/wp-content\/uploads\/2024\/01\/Screenshot-2024-01-25-101615.png","datePublished":"2024-01-25T09:16:48+00:00","dateModified":"2024-01-25T09:16:50+00:00","description":"Dal 19 febbraio 2024 terminer\u00e0 il periodo di pre-esercizio della Zona Traffico Limitato nel centro storico di Barletta e saranno totalmente operativi i sette varchi che permettono l\u2019accesso e l\u2019uscita dall\u2019area","breadcrumb":{"@id":"https:\/\/www.batmagazine.it\/notizie\/2024\/01\/25\/barletta-ztl-centro-storico-dal-19-febbraio-totalmente-operativi-i-sette-varchi\/#breadcrumb"},"inLanguage":"it-IT","potentialAction":[{"@type":"ReadAction","target":["https:\/\/www.batmagazine.it\/notizie\/2024\/01\/25\/barletta-ztl-centro-storico-dal-19-febbraio-totalmente-operativi-i-sette-varchi\/"]}]},{"@type":"ImageObject","inLanguage":"it-IT","@id":"https:\/\/www.batmagazine.it\/notizie\/2024\/01\/25\/barletta-ztl-centro-storico-dal-19-febbraio-totalmente-operativi-i-sette-varchi\/#primaryimage","url":"https:\/\/www.batmagazine.it\/notizie\/wp-content\/uploads\/2024\/01\/Screenshot-2024-01-25-101615.png","contentUrl":"https:\/\/www.batmagazine.it\/notizie\/wp-content\/uploads\/2024\/01\/Screenshot-2024-01-25-101615.png","width":932,"height":550},{"@type":"BreadcrumbList","@id":"https:\/\/www.batmagazine.it\/notizie\/2024\/01\/25\/barletta-ztl-centro-storico-dal-19-febbraio-totalmente-operativi-i-sette-varchi\/#breadcrumb","itemListElement":[{"@type":"ListItem","position":1,"name":"Home","item":"https:\/\/www.batmagazine.it\/notizie\/"},{"@type":"ListItem","position":2,"name":"Barletta &#8211; ZTL centro storico, dal 19 febbraio totalmente operativi i sette varchi"}]},{"@type":"WebSite","@id":"https:\/\/www.batmagazine.it\/notizie\/#website","url":"https:\/\/www.batmagazine.it\/notizie\/","name":"BATmagazine","description":"Notizie Barletta Andria Trani","publisher":{"@id":"https:\/\/www.batmagazine.it\/notizie\/#organization"},"potentialAction":[{"@type":"SearchAction","target":{"@type":"EntryPoint","urlTemplate":"https:\/\/www.batmagazine.it\/notizie\/?s={search_term_string}"},"query-input":{"@type":"PropertyValueSpecification","valueRequired":true,"valueName":"search_term_string"}}],"inLanguage":"it-IT"},{"@type":"Organization","@id":"https:\/\/www.batmagazine.it\/notizie\/#organization","name":"BATmagazine","url":"https:\/\/www.batmagazine.it\/notizie\/","logo":{"@type":"ImageObject","inLanguage":"it-IT","@id":"https:\/\/www.batmagazine.it\/notizie\/#\/schema\/logo\/image\/","url":"https:\/\/www.batmagazine.it\/notizie\/wp-content\/uploads\/2022\/08\/batlogo.png","contentUrl":"https:\/\/www.batmagazine.it\/notizie\/wp-content\/uploads\/2022\/08\/batlogo.png","width":246,"height":96,"caption":"BATmagazine"},"image":{"@id":"https:\/\/www.batmagazine.it\/notizie\/#\/schema\/logo\/image\/"},"sameAs":["https:\/\/www.facebook.com\/BatMagazine"]},{"@type":"Person","@id":"https:\/\/www.batmagazine.it\/notizie\/#\/schema\/person\/f25ee2762381b507b66ff3f592fb3a5c","name":"Redazione","image":{"@type":"ImageObject","inLanguage":"it-IT","@id":"https:\/\/www.batmagazine.it\/notizie\/#\/schema\/person\/image\/","url":"https:\/\/www.batmagazine.it\/notizie\/wp-content\/uploads\/2020\/07\/Schermata-2020-07-06-alle-16.52.14.png","contentUrl":"https:\/\/www.batmagazine.it\/notizie\/wp-content\/uploads\/2020\/07\/Schermata-2020-07-06-alle-16.52.14.png","caption":"Redazione"},"url":"https:\/\/www.batmagazine.it\/notizie\/author\/redazione\/"}]}},"_links":{"self":[{"href":"https:\/\/www.batmagazine.it\/notizie\/wp-json\/wp\/v2\/posts\/159222","targetHints":{"allow":["GET"]}}],"collection":[{"href":"https:\/\/www.batmagazine.it\/notizie\/wp-json\/wp\/v2\/posts"}],"about":[{"href":"https:\/\/www.batmagazine.it\/notizie\/wp-json\/wp\/v2\/types\/post"}],"author":[{"embeddable":true,"href":"https:\/\/www.batmagazine.it\/notizie\/wp-json\/wp\/v2\/users\/2"}],"replies":[{"embeddable":true,"href":"https:\/\/www.batmagazine.it\/notizie\/wp-json\/wp\/v2\/comments?post=159222"}],"version-history":[{"count":2,"href":"https:\/\/www.batmagazine.it\/notizie\/wp-json\/wp\/v2\/posts\/159222\/revisions"}],"predecessor-version":[{"id":159225,"href":"https:\/\/www.batmagazine.it\/notizie\/wp-json\/wp\/v2\/posts\/159222\/revisions\/159225"}],"wp:featuredmedia":[{"embeddable":true,"href":"https:\/\/www.batmagazine.it\/notizie\/wp-json\/wp\/v2\/media\/159223"}],"wp:attachment":[{"href":"https:\/\/www.batmagazine.it\/notizie\/wp-json\/wp\/v2\/media?parent=159222"}],"wp:term":[{"taxonomy":"category","embeddable":true,"href":"https:\/\/www.batmagazine.it\/notizie\/wp-json\/wp\/v2\/categories?post=159222"},{"taxonomy":"post_tag","embeddable":true,"href":"https:\/\/www.batmagazine.it\/notizie\/wp-json\/wp\/v2\/tags?post=159222"}],"curies":[{"name":"wp","href":"https:\/\/api.w.org\/{rel}","templated":true}]}}