{"id":160903,"date":"2024-02-23T10:16:33","date_gmt":"2024-02-23T09:16:33","guid":{"rendered":"https:\/\/www.batmagazine.it\/notizie\/?p=160903"},"modified":"2024-02-23T10:16:37","modified_gmt":"2024-02-23T09:16:37","slug":"barletta-nove-nuove-colonnine-per-la-ricarica-delle-auto-elettriche","status":"publish","type":"post","link":"https:\/\/www.batmagazine.it\/notizie\/2024\/02\/23\/barletta-nove-nuove-colonnine-per-la-ricarica-delle-auto-elettriche\/","title":{"rendered":"Barletta &#8211; Nove nuove colonnine\u00a0per la ricarica delle auto elettriche"},"content":{"rendered":"\n<p>Barletta si doter\u00e0 di <strong>nove nuove colonnine<\/strong> da 90 kw \u201c<em>tipo fast\u201d<\/em> per la ricarica veloce\u00a0dei veicoli elettrici.<\/p>\n\n\n\n<p>La Giunta ha, infatti, deliberato l&#8217;approvazione del protocollo d\u2019intesa <strong>tra il Comune e Enel X Way Italia srl<\/strong> finalizzato alla realizzazione di una rete di ricarica \u201cveloce\u201d per vetture elettriche in ambito urbano. Questa tipologia di colonnina permetter\u00e0 la ricarica delle batterie <strong>in circa 20 minuti<\/strong>.<\/p>\n\n\n\n<p>Le nuove colonnine saranno collocate entro il prossimo Luglio in punti strategici della citt\u00e0 come: via Trani, Litoranea di Levante, Viale Regina Elena, via Leonardo da Vinci, via Callano, via Dei Mandorli, via Mario Di Leo, via Achille Bruni, via Luigi Romanelli.<\/p>\n\n\n\n<p>Il Comune non dovr\u00e0 sostenere alcuna spesa per la installazione, gestione e manutenzione delle infrastrutture di ricarica. <\/p>\n\n\n\n<p>&#8220;L\u2019installazione di queste nuove colonnine da 90 kw \u201ctipo fast\u201d permetter\u00e0 una ricarica completa in pochi minuti, e rientra nell\u2019obiettivo della transizione ecologica &#8211; ha dichiarato il <strong>Sindaco Cosimo Cannito<\/strong> &#8211; di ridurre l\u2019inquinamento proveniente dall\u2019uso delle vetture con motore a scoppio. <\/p>\n\n\n\n<p>Stiamo preparando i cittadini di Barletta all\u2019uso delle auto elettriche e ad una nuova mobilit\u00e0 che consentir\u00e0 di abbattere la formazione di polveri sottili nonch\u00e9 dell\u2019ossido di azoto e, cos\u00ec, migliorare la qualit\u00e0 dell\u2019aria e la vivibilit\u00e0 per tutti i cittadini&#8221;.<\/p>\n","protected":false},"excerpt":{"rendered":"<p>Le nuove colonnine saranno collocate entro il prossimo Luglio in punti strategici della citt\u00e0: ecco dove<\/p>\n","protected":false},"author":2,"featured_media":151579,"comment_status":"closed","ping_status":"closed","sticky":false,"template":"","format":"standard","meta":{"footnotes":""},"categories":[2050,4,17],"tags":[11387,2054,25975,29744,25976,3063,5685],"class_list":{"0":"post-160903","1":"post","2":"type-post","3":"status-publish","4":"format-standard","5":"has-post-thumbnail","7":"category-ambiente","8":"category-attualita","9":"category-barletta","10":"tag-auto-elettriche","11":"tag-barletta","12":"tag-colonnine","13":"tag-enel-x-way-italia","14":"tag-ricarica","15":"tag-sindaco-cannito","16":"tag-veicoli-elettrici"},"featured_image_url":"https:\/\/www.batmagazine.it\/notizie\/wp-content\/uploads\/2023\/08\/ricarica-auto-elettrica.jpg","primary_category":{"id":2050,"name":"Ambiente"},"author_name":"Redazione","yoast_head":"<!-- This site is optimized with the Yoast SEO plugin v26.8 - https:\/\/yoast.com\/product\/yoast-seo-wordpress\/ -->\n<title>Barletta &#8211; Nove nuove colonnine\u00a0per la ricarica delle auto elettriche - BATmagazine<\/title>\n<meta name=\"description\" content=\"Le nuove colonnine saranno collocate entro il prossimo Luglio in punti strategici della citt\u00e0: ecco dove\" \/>\n<meta name=\"robots\" content=\"index, follow, max-snippet:-1, max-image-preview:large, max-video-preview:-1\" \/>\n<link rel=\"canonical\" href=\"https:\/\/www.batmagazine.it\/notizie\/2024\/02\/23\/barletta-nove-nuove-colonnine-per-la-ricarica-delle-auto-elettriche\/\" \/>\n<meta property=\"og:locale\" content=\"it_IT\" \/>\n<meta property=\"og:type\" content=\"article\" \/>\n<meta property=\"og:title\" content=\"Barletta &#8211; Nove nuove colonnine\u00a0per la ricarica delle auto elettriche - BATmagazine\" \/>\n<meta property=\"og:description\" content=\"Le nuove colonnine saranno collocate entro il prossimo Luglio in punti strategici della citt\u00e0: ecco dove\" \/>\n<meta property=\"og:url\" content=\"https:\/\/www.batmagazine.it\/notizie\/2024\/02\/23\/barletta-nove-nuove-colonnine-per-la-ricarica-delle-auto-elettriche\/\" \/>\n<meta property=\"og:site_name\" content=\"BATmagazine\" \/>\n<meta property=\"article:publisher\" content=\"https:\/\/www.facebook.com\/BatMagazine\" \/>\n<meta property=\"article:published_time\" content=\"2024-02-23T09:16:33+00:00\" \/>\n<meta property=\"article:modified_time\" content=\"2024-02-23T09:16:37+00:00\" \/>\n<meta property=\"og:image\" content=\"https:\/\/www.batmagazine.it\/notizie\/wp-content\/uploads\/2023\/08\/ricarica-auto-elettrica.jpg\" \/>\n\t<meta property=\"og:image:width\" content=\"640\" \/>\n\t<meta property=\"og:image:height\" content=\"450\" \/>\n\t<meta property=\"og:image:type\" content=\"image\/jpeg\" \/>\n<meta name=\"author\" content=\"Redazione\" \/>\n<meta name=\"twitter:card\" content=\"summary_large_image\" \/>\n<meta name=\"twitter:label1\" content=\"Scritto da\" \/>\n\t<meta name=\"twitter:data1\" content=\"Redazione\" \/>\n\t<meta name=\"twitter:label2\" content=\"Tempo di lettura stimato\" \/>\n\t<meta name=\"twitter:data2\" content=\"2 minuti\" \/>\n<script type=\"application\/ld+json\" class=\"yoast-schema-graph\">{\"@context\":\"https:\/\/schema.org\",\"@graph\":[{\"@type\":\"Article\",\"@id\":\"https:\/\/www.batmagazine.it\/notizie\/2024\/02\/23\/barletta-nove-nuove-colonnine-per-la-ricarica-delle-auto-elettriche\/#article\",\"isPartOf\":{\"@id\":\"https:\/\/www.batmagazine.it\/notizie\/2024\/02\/23\/barletta-nove-nuove-colonnine-per-la-ricarica-delle-auto-elettriche\/\"},\"author\":{\"name\":\"Redazione\",\"@id\":\"https:\/\/www.batmagazine.it\/notizie\/#\/schema\/person\/f25ee2762381b507b66ff3f592fb3a5c\"},\"headline\":\"Barletta &#8211; Nove nuove colonnine\u00a0per la ricarica delle auto elettriche\",\"datePublished\":\"2024-02-23T09:16:33+00:00\",\"dateModified\":\"2024-02-23T09:16:37+00:00\",\"mainEntityOfPage\":{\"@id\":\"https:\/\/www.batmagazine.it\/notizie\/2024\/02\/23\/barletta-nove-nuove-colonnine-per-la-ricarica-delle-auto-elettriche\/\"},\"wordCount\":223,\"publisher\":{\"@id\":\"https:\/\/www.batmagazine.it\/notizie\/#organization\"},\"image\":{\"@id\":\"https:\/\/www.batmagazine.it\/notizie\/2024\/02\/23\/barletta-nove-nuove-colonnine-per-la-ricarica-delle-auto-elettriche\/#primaryimage\"},\"thumbnailUrl\":\"https:\/\/www.batmagazine.it\/notizie\/wp-content\/uploads\/2023\/08\/ricarica-auto-elettrica.jpg\",\"keywords\":[\"Auto elettriche\",\"barletta\",\"colonnine\",\"enel x way italia\",\"ricarica\",\"sindaco cannito\",\"Veicoli elettrici\"],\"articleSection\":[\"Ambiente\",\"Attualit\u00e0\",\"Barletta\"],\"inLanguage\":\"it-IT\"},{\"@type\":\"WebPage\",\"@id\":\"https:\/\/www.batmagazine.it\/notizie\/2024\/02\/23\/barletta-nove-nuove-colonnine-per-la-ricarica-delle-auto-elettriche\/\",\"url\":\"https:\/\/www.batmagazine.it\/notizie\/2024\/02\/23\/barletta-nove-nuove-colonnine-per-la-ricarica-delle-auto-elettriche\/\",\"name\":\"Barletta &#8211; Nove nuove colonnine\u00a0per la ricarica delle auto elettriche - BATmagazine\",\"isPartOf\":{\"@id\":\"https:\/\/www.batmagazine.it\/notizie\/#website\"},\"primaryImageOfPage\":{\"@id\":\"https:\/\/www.batmagazine.it\/notizie\/2024\/02\/23\/barletta-nove-nuove-colonnine-per-la-ricarica-delle-auto-elettriche\/#primaryimage\"},\"image\":{\"@id\":\"https:\/\/www.batmagazine.it\/notizie\/2024\/02\/23\/barletta-nove-nuove-colonnine-per-la-ricarica-delle-auto-elettriche\/#primaryimage\"},\"thumbnailUrl\":\"https:\/\/www.batmagazine.it\/notizie\/wp-content\/uploads\/2023\/08\/ricarica-auto-elettrica.jpg\",\"datePublished\":\"2024-02-23T09:16:33+00:00\",\"dateModified\":\"2024-02-23T09:16:37+00:00\",\"description\":\"Le nuove colonnine saranno collocate entro il prossimo Luglio in punti strategici della citt\u00e0: ecco dove\",\"breadcrumb\":{\"@id\":\"https:\/\/www.batmagazine.it\/notizie\/2024\/02\/23\/barletta-nove-nuove-colonnine-per-la-ricarica-delle-auto-elettriche\/#breadcrumb\"},\"inLanguage\":\"it-IT\",\"potentialAction\":[{\"@type\":\"ReadAction\",\"target\":[\"https:\/\/www.batmagazine.it\/notizie\/2024\/02\/23\/barletta-nove-nuove-colonnine-per-la-ricarica-delle-auto-elettriche\/\"]}]},{\"@type\":\"ImageObject\",\"inLanguage\":\"it-IT\",\"@id\":\"https:\/\/www.batmagazine.it\/notizie\/2024\/02\/23\/barletta-nove-nuove-colonnine-per-la-ricarica-delle-auto-elettriche\/#primaryimage\",\"url\":\"https:\/\/www.batmagazine.it\/notizie\/wp-content\/uploads\/2023\/08\/ricarica-auto-elettrica.jpg\",\"contentUrl\":\"https:\/\/www.batmagazine.it\/notizie\/wp-content\/uploads\/2023\/08\/ricarica-auto-elettrica.jpg\",\"width\":640,\"height\":450},{\"@type\":\"BreadcrumbList\",\"@id\":\"https:\/\/www.batmagazine.it\/notizie\/2024\/02\/23\/barletta-nove-nuove-colonnine-per-la-ricarica-delle-auto-elettriche\/#breadcrumb\",\"itemListElement\":[{\"@type\":\"ListItem\",\"position\":1,\"name\":\"Home\",\"item\":\"https:\/\/www.batmagazine.it\/notizie\/\"},{\"@type\":\"ListItem\",\"position\":2,\"name\":\"Barletta &#8211; Nove nuove colonnine\u00a0per la ricarica delle auto elettriche\"}]},{\"@type\":\"WebSite\",\"@id\":\"https:\/\/www.batmagazine.it\/notizie\/#website\",\"url\":\"https:\/\/www.batmagazine.it\/notizie\/\",\"name\":\"BATmagazine\",\"description\":\"Notizie Barletta Andria Trani\",\"publisher\":{\"@id\":\"https:\/\/www.batmagazine.it\/notizie\/#organization\"},\"potentialAction\":[{\"@type\":\"SearchAction\",\"target\":{\"@type\":\"EntryPoint\",\"urlTemplate\":\"https:\/\/www.batmagazine.it\/notizie\/?s={search_term_string}\"},\"query-input\":{\"@type\":\"PropertyValueSpecification\",\"valueRequired\":true,\"valueName\":\"search_term_string\"}}],\"inLanguage\":\"it-IT\"},{\"@type\":\"Organization\",\"@id\":\"https:\/\/www.batmagazine.it\/notizie\/#organization\",\"name\":\"BATmagazine\",\"url\":\"https:\/\/www.batmagazine.it\/notizie\/\",\"logo\":{\"@type\":\"ImageObject\",\"inLanguage\":\"it-IT\",\"@id\":\"https:\/\/www.batmagazine.it\/notizie\/#\/schema\/logo\/image\/\",\"url\":\"https:\/\/www.batmagazine.it\/notizie\/wp-content\/uploads\/2022\/08\/batlogo.png\",\"contentUrl\":\"https:\/\/www.batmagazine.it\/notizie\/wp-content\/uploads\/2022\/08\/batlogo.png\",\"width\":246,\"height\":96,\"caption\":\"BATmagazine\"},\"image\":{\"@id\":\"https:\/\/www.batmagazine.it\/notizie\/#\/schema\/logo\/image\/\"},\"sameAs\":[\"https:\/\/www.facebook.com\/BatMagazine\"]},{\"@type\":\"Person\",\"@id\":\"https:\/\/www.batmagazine.it\/notizie\/#\/schema\/person\/f25ee2762381b507b66ff3f592fb3a5c\",\"name\":\"Redazione\",\"image\":{\"@type\":\"ImageObject\",\"inLanguage\":\"it-IT\",\"@id\":\"https:\/\/www.batmagazine.it\/notizie\/#\/schema\/person\/image\/\",\"url\":\"https:\/\/www.batmagazine.it\/notizie\/wp-content\/uploads\/2020\/07\/Schermata-2020-07-06-alle-16.52.14.png\",\"contentUrl\":\"https:\/\/www.batmagazine.it\/notizie\/wp-content\/uploads\/2020\/07\/Schermata-2020-07-06-alle-16.52.14.png\",\"caption\":\"Redazione\"},\"url\":\"https:\/\/www.batmagazine.it\/notizie\/author\/redazione\/\"}]}<\/script>\n<!-- \/ Yoast SEO plugin. -->","yoast_head_json":{"title":"Barletta &#8211; Nove nuove colonnine\u00a0per la ricarica delle auto elettriche - BATmagazine","description":"Le nuove colonnine saranno collocate entro il prossimo Luglio in punti strategici della citt\u00e0: ecco dove","robots":{"index":"index","follow":"follow","max-snippet":"max-snippet:-1","max-image-preview":"max-image-preview:large","max-video-preview":"max-video-preview:-1"},"canonical":"https:\/\/www.batmagazine.it\/notizie\/2024\/02\/23\/barletta-nove-nuove-colonnine-per-la-ricarica-delle-auto-elettriche\/","og_locale":"it_IT","og_type":"article","og_title":"Barletta &#8211; Nove nuove colonnine\u00a0per la ricarica delle auto elettriche - BATmagazine","og_description":"Le nuove colonnine saranno collocate entro il prossimo Luglio in punti strategici della citt\u00e0: ecco dove","og_url":"https:\/\/www.batmagazine.it\/notizie\/2024\/02\/23\/barletta-nove-nuove-colonnine-per-la-ricarica-delle-auto-elettriche\/","og_site_name":"BATmagazine","article_publisher":"https:\/\/www.facebook.com\/BatMagazine","article_published_time":"2024-02-23T09:16:33+00:00","article_modified_time":"2024-02-23T09:16:37+00:00","og_image":[{"width":640,"height":450,"url":"https:\/\/www.batmagazine.it\/notizie\/wp-content\/uploads\/2023\/08\/ricarica-auto-elettrica.jpg","type":"image\/jpeg"}],"author":"Redazione","twitter_card":"summary_large_image","twitter_misc":{"Scritto da":"Redazione","Tempo di lettura stimato":"2 minuti"},"schema":{"@context":"https:\/\/schema.org","@graph":[{"@type":"Article","@id":"https:\/\/www.batmagazine.it\/notizie\/2024\/02\/23\/barletta-nove-nuove-colonnine-per-la-ricarica-delle-auto-elettriche\/#article","isPartOf":{"@id":"https:\/\/www.batmagazine.it\/notizie\/2024\/02\/23\/barletta-nove-nuove-colonnine-per-la-ricarica-delle-auto-elettriche\/"},"author":{"name":"Redazione","@id":"https:\/\/www.batmagazine.it\/notizie\/#\/schema\/person\/f25ee2762381b507b66ff3f592fb3a5c"},"headline":"Barletta &#8211; Nove nuove colonnine\u00a0per la ricarica delle auto elettriche","datePublished":"2024-02-23T09:16:33+00:00","dateModified":"2024-02-23T09:16:37+00:00","mainEntityOfPage":{"@id":"https:\/\/www.batmagazine.it\/notizie\/2024\/02\/23\/barletta-nove-nuove-colonnine-per-la-ricarica-delle-auto-elettriche\/"},"wordCount":223,"publisher":{"@id":"https:\/\/www.batmagazine.it\/notizie\/#organization"},"image":{"@id":"https:\/\/www.batmagazine.it\/notizie\/2024\/02\/23\/barletta-nove-nuove-colonnine-per-la-ricarica-delle-auto-elettriche\/#primaryimage"},"thumbnailUrl":"https:\/\/www.batmagazine.it\/notizie\/wp-content\/uploads\/2023\/08\/ricarica-auto-elettrica.jpg","keywords":["Auto elettriche","barletta","colonnine","enel x way italia","ricarica","sindaco cannito","Veicoli elettrici"],"articleSection":["Ambiente","Attualit\u00e0","Barletta"],"inLanguage":"it-IT"},{"@type":"WebPage","@id":"https:\/\/www.batmagazine.it\/notizie\/2024\/02\/23\/barletta-nove-nuove-colonnine-per-la-ricarica-delle-auto-elettriche\/","url":"https:\/\/www.batmagazine.it\/notizie\/2024\/02\/23\/barletta-nove-nuove-colonnine-per-la-ricarica-delle-auto-elettriche\/","name":"Barletta &#8211; Nove nuove colonnine\u00a0per la ricarica delle auto elettriche - BATmagazine","isPartOf":{"@id":"https:\/\/www.batmagazine.it\/notizie\/#website"},"primaryImageOfPage":{"@id":"https:\/\/www.batmagazine.it\/notizie\/2024\/02\/23\/barletta-nove-nuove-colonnine-per-la-ricarica-delle-auto-elettriche\/#primaryimage"},"image":{"@id":"https:\/\/www.batmagazine.it\/notizie\/2024\/02\/23\/barletta-nove-nuove-colonnine-per-la-ricarica-delle-auto-elettriche\/#primaryimage"},"thumbnailUrl":"https:\/\/www.batmagazine.it\/notizie\/wp-content\/uploads\/2023\/08\/ricarica-auto-elettrica.jpg","datePublished":"2024-02-23T09:16:33+00:00","dateModified":"2024-02-23T09:16:37+00:00","description":"Le nuove colonnine saranno collocate entro il prossimo Luglio in punti strategici della citt\u00e0: ecco dove","breadcrumb":{"@id":"https:\/\/www.batmagazine.it\/notizie\/2024\/02\/23\/barletta-nove-nuove-colonnine-per-la-ricarica-delle-auto-elettriche\/#breadcrumb"},"inLanguage":"it-IT","potentialAction":[{"@type":"ReadAction","target":["https:\/\/www.batmagazine.it\/notizie\/2024\/02\/23\/barletta-nove-nuove-colonnine-per-la-ricarica-delle-auto-elettriche\/"]}]},{"@type":"ImageObject","inLanguage":"it-IT","@id":"https:\/\/www.batmagazine.it\/notizie\/2024\/02\/23\/barletta-nove-nuove-colonnine-per-la-ricarica-delle-auto-elettriche\/#primaryimage","url":"https:\/\/www.batmagazine.it\/notizie\/wp-content\/uploads\/2023\/08\/ricarica-auto-elettrica.jpg","contentUrl":"https:\/\/www.batmagazine.it\/notizie\/wp-content\/uploads\/2023\/08\/ricarica-auto-elettrica.jpg","width":640,"height":450},{"@type":"BreadcrumbList","@id":"https:\/\/www.batmagazine.it\/notizie\/2024\/02\/23\/barletta-nove-nuove-colonnine-per-la-ricarica-delle-auto-elettriche\/#breadcrumb","itemListElement":[{"@type":"ListItem","position":1,"name":"Home","item":"https:\/\/www.batmagazine.it\/notizie\/"},{"@type":"ListItem","position":2,"name":"Barletta &#8211; Nove nuove colonnine\u00a0per la ricarica delle auto elettriche"}]},{"@type":"WebSite","@id":"https:\/\/www.batmagazine.it\/notizie\/#website","url":"https:\/\/www.batmagazine.it\/notizie\/","name":"BATmagazine","description":"Notizie Barletta Andria Trani","publisher":{"@id":"https:\/\/www.batmagazine.it\/notizie\/#organization"},"potentialAction":[{"@type":"SearchAction","target":{"@type":"EntryPoint","urlTemplate":"https:\/\/www.batmagazine.it\/notizie\/?s={search_term_string}"},"query-input":{"@type":"PropertyValueSpecification","valueRequired":true,"valueName":"search_term_string"}}],"inLanguage":"it-IT"},{"@type":"Organization","@id":"https:\/\/www.batmagazine.it\/notizie\/#organization","name":"BATmagazine","url":"https:\/\/www.batmagazine.it\/notizie\/","logo":{"@type":"ImageObject","inLanguage":"it-IT","@id":"https:\/\/www.batmagazine.it\/notizie\/#\/schema\/logo\/image\/","url":"https:\/\/www.batmagazine.it\/notizie\/wp-content\/uploads\/2022\/08\/batlogo.png","contentUrl":"https:\/\/www.batmagazine.it\/notizie\/wp-content\/uploads\/2022\/08\/batlogo.png","width":246,"height":96,"caption":"BATmagazine"},"image":{"@id":"https:\/\/www.batmagazine.it\/notizie\/#\/schema\/logo\/image\/"},"sameAs":["https:\/\/www.facebook.com\/BatMagazine"]},{"@type":"Person","@id":"https:\/\/www.batmagazine.it\/notizie\/#\/schema\/person\/f25ee2762381b507b66ff3f592fb3a5c","name":"Redazione","image":{"@type":"ImageObject","inLanguage":"it-IT","@id":"https:\/\/www.batmagazine.it\/notizie\/#\/schema\/person\/image\/","url":"https:\/\/www.batmagazine.it\/notizie\/wp-content\/uploads\/2020\/07\/Schermata-2020-07-06-alle-16.52.14.png","contentUrl":"https:\/\/www.batmagazine.it\/notizie\/wp-content\/uploads\/2020\/07\/Schermata-2020-07-06-alle-16.52.14.png","caption":"Redazione"},"url":"https:\/\/www.batmagazine.it\/notizie\/author\/redazione\/"}]}},"_links":{"self":[{"href":"https:\/\/www.batmagazine.it\/notizie\/wp-json\/wp\/v2\/posts\/160903","targetHints":{"allow":["GET"]}}],"collection":[{"href":"https:\/\/www.batmagazine.it\/notizie\/wp-json\/wp\/v2\/posts"}],"about":[{"href":"https:\/\/www.batmagazine.it\/notizie\/wp-json\/wp\/v2\/types\/post"}],"author":[{"embeddable":true,"href":"https:\/\/www.batmagazine.it\/notizie\/wp-json\/wp\/v2\/users\/2"}],"replies":[{"embeddable":true,"href":"https:\/\/www.batmagazine.it\/notizie\/wp-json\/wp\/v2\/comments?post=160903"}],"version-history":[{"count":2,"href":"https:\/\/www.batmagazine.it\/notizie\/wp-json\/wp\/v2\/posts\/160903\/revisions"}],"predecessor-version":[{"id":160905,"href":"https:\/\/www.batmagazine.it\/notizie\/wp-json\/wp\/v2\/posts\/160903\/revisions\/160905"}],"wp:featuredmedia":[{"embeddable":true,"href":"https:\/\/www.batmagazine.it\/notizie\/wp-json\/wp\/v2\/media\/151579"}],"wp:attachment":[{"href":"https:\/\/www.batmagazine.it\/notizie\/wp-json\/wp\/v2\/media?parent=160903"}],"wp:term":[{"taxonomy":"category","embeddable":true,"href":"https:\/\/www.batmagazine.it\/notizie\/wp-json\/wp\/v2\/categories?post=160903"},{"taxonomy":"post_tag","embeddable":true,"href":"https:\/\/www.batmagazine.it\/notizie\/wp-json\/wp\/v2\/tags?post=160903"}],"curies":[{"name":"wp","href":"https:\/\/api.w.org\/{rel}","templated":true}]}}