{"id":175177,"date":"2024-11-19T10:52:58","date_gmt":"2024-11-19T09:52:58","guid":{"rendered":"https:\/\/www.batmagazine.it\/notizie\/?p=175177"},"modified":"2024-11-19T10:53:01","modified_gmt":"2024-11-19T09:53:01","slug":"andria-un-anno-dalle-amministrative-civita-e-m5s-gia-si-sente-parlare-di-aspiranti-ed-aspirazioni","status":"publish","type":"post","link":"https:\/\/www.batmagazine.it\/notizie\/2024\/11\/19\/andria-un-anno-dalle-amministrative-civita-e-m5s-gia-si-sente-parlare-di-aspiranti-ed-aspirazioni\/","title":{"rendered":"Andria &#8211; Un anno dalle amministrative, Civita e M5S: &#8220;Gi\u00e0 si sente parlare di aspiranti ed aspirazioni&#8221;"},"content":{"rendered":"\n<p>&#8220;Ormai potremmo essere <strong>a circa un anno<\/strong> dalle elezioni per il prossimo Sindaco della nostra citt\u00e0, o forse poco pi\u00f9&#8221; &#8211; la nota \u00e8 a firma dei Consiglieri Comunali di Andria, <strong>Nicola Civita, Doriana Faraone e Pietro Di Pilato<\/strong>.<\/p>\n\n\n\n<p>&#8220;Gi\u00e0 si sente parlare di aspiranti ed aspirazioni, tutte legittime, ma per fare cosa?<\/p>\n\n\n\n<p>Noi partiamo da due dati, quello che riguarda i giovani che, purtroppo numerosi, vanno via mentre l\u2019altro dato ci dice che la popolazione che rimarr\u00e0 sar\u00e0 mediamente sempre pi\u00f9 anziana. Inoltre, tra venti anni le previsioni dicono che la popolazione della nostra citt\u00e0 sar\u00e0 diminuita ancora di <strong>circa un altro 10%<\/strong>.<\/p>\n\n\n\n<p>Quindi, quale sar\u00e0 la sfida per le prossime amministrazioni comunali della nostra citt\u00e0, a partire dalla prossima? Quella di concentrare gran parte degli sforzi e dei finanziamenti reperibili per rendere la nostra citt\u00e0 pi\u00f9 attrattiva per i giovani, per indurli a rimanere e, nel contempo, sempre pi\u00f9 adatta ad una popolazione mediamente sempre pi\u00f9 anziana, il tutto ovviamente nell\u2019ambito di quanto \u00e8 possibile fare nel contesto cittadino.<\/p>\n\n\n\n<p>Giusto per fare uno dei diversi esempi possibili, il nuovo ospedale di Andria. Un\u2019opera che, se realizzata, certamente sarebbe di grande ausilio per una popolazione sempre pi\u00f9 anziana e, nel contempo, potrebbe costituire motivo per diversi giovani professionisti del settore sanitario, per non emigrare.<\/p>\n\n\n\n<p>Altro esempio, l\u2019interramento della ferrovia, che alla fine dei lavori porter\u00e0 in dote alla citt\u00e0 tre stazioni, e quindi una piccola metropolitana, causer\u00e0 sicuramente una riorganizzazione del servizio delle circolari, in sincronia con la citata metropolitana, con il fine di indurre gli andriesi ad usare maggiormente il mezzo pubblico e meno quello privato. <\/p>\n\n\n\n<p>Del resto, se dalla zona di Sant\u2019Angelo dei Ricchi, tramite questa nuova metropolitana, si potr\u00e0 arrivare in centro in trenta secondi, avr\u00e0 senso continuare ad andarci ancora in auto?<\/p>\n\n\n\n<p>Una citt\u00e0 meno inquinata \u00e8 pi\u00f9 vivibile ed \u00e8 quindi pi\u00f9 attrattiva per viverci.<\/p>\n\n\n\n<p>E potremmo fare molti altri esempi, come nell\u2019ambito dello sport (la piscina comunale), della cultura (un teatro), del turismo (Castel del Monte) ecc.<\/p>\n\n\n\n<p>Ma sar\u00e0 sufficiente fare qualche infrastruttura o spostare qualche circolare per affrontare questa grande sfida con il nostro futuro? No!<\/p>\n\n\n\n<p>Servir\u00e0 una visione futura chiara ed una classe politica pronta a fare le scelte necessarie, anche forti, per attuarla senza essere continuamente influenzata dal timore di perdere consenso elettorale nelle elezioni successive&#8221; &#8211; concludono Civita, Faraone e Di Pilato.<\/p>\n","protected":false},"excerpt":{"rendered":"<p>La nota \u00e8 a firma dei Consiglieri Comunali di Andria, Nicola Civita, Doriana Faraone e Pietro Di Pilato<\/p>\n","protected":false},"author":2,"featured_media":124328,"comment_status":"closed","ping_status":"closed","sticky":false,"template":"","format":"standard","meta":{"footnotes":""},"categories":[16,6],"tags":[679,5577,10162,5180,8009,11752,18077,28355,33135],"class_list":{"0":"post-175177","1":"post","2":"type-post","3":"status-publish","4":"format-standard","5":"has-post-thumbnail","7":"category-andria","8":"category-politica","9":"tag-andria","10":"tag-consiglieri-comunali","11":"tag-doriana-faraone","12":"tag-elezioni-amministrative","13":"tag-m5s-andria","14":"tag-nicola-civita","15":"tag-nuovo-sindaco","16":"tag-pietro-di-pilato","17":"tag-santangelo-dei-ricchi"},"featured_image_url":"https:\/\/www.batmagazine.it\/notizie\/wp-content\/uploads\/2021\/09\/Elezioni-amministrative.jpg","primary_category":{"id":16,"name":"Andria"},"author_name":"Redazione","yoast_head":"<!-- This site is optimized with the Yoast SEO plugin v26.8 - https:\/\/yoast.com\/product\/yoast-seo-wordpress\/ -->\n<title>Andria &#8211; Un anno dalle amministrative, Civita e M5S: &#8220;Gi\u00e0 si sente parlare di aspiranti ed aspirazioni&#8221; - BATmagazine<\/title>\n<meta name=\"description\" content=\"La nota \u00e8 a firma dei Consiglieri Comunali di Andria, Nicola Civita, Doriana Faraone e Pietro Di Pilato\" \/>\n<meta name=\"robots\" content=\"index, follow, max-snippet:-1, max-image-preview:large, max-video-preview:-1\" \/>\n<link rel=\"canonical\" href=\"https:\/\/www.batmagazine.it\/notizie\/2024\/11\/19\/andria-un-anno-dalle-amministrative-civita-e-m5s-gia-si-sente-parlare-di-aspiranti-ed-aspirazioni\/\" \/>\n<meta property=\"og:locale\" content=\"it_IT\" \/>\n<meta property=\"og:type\" content=\"article\" \/>\n<meta property=\"og:title\" content=\"Andria &#8211; Un anno dalle amministrative, Civita e M5S: &#8220;Gi\u00e0 si sente parlare di aspiranti ed aspirazioni&#8221; - BATmagazine\" \/>\n<meta property=\"og:description\" content=\"La nota \u00e8 a firma dei Consiglieri Comunali di Andria, Nicola Civita, Doriana Faraone e Pietro Di Pilato\" \/>\n<meta property=\"og:url\" content=\"https:\/\/www.batmagazine.it\/notizie\/2024\/11\/19\/andria-un-anno-dalle-amministrative-civita-e-m5s-gia-si-sente-parlare-di-aspiranti-ed-aspirazioni\/\" \/>\n<meta property=\"og:site_name\" content=\"BATmagazine\" \/>\n<meta property=\"article:publisher\" content=\"https:\/\/www.facebook.com\/BatMagazine\" \/>\n<meta property=\"article:published_time\" content=\"2024-11-19T09:52:58+00:00\" \/>\n<meta property=\"article:modified_time\" content=\"2024-11-19T09:53:01+00:00\" \/>\n<meta property=\"og:image\" content=\"https:\/\/www.batmagazine.it\/notizie\/wp-content\/uploads\/2021\/09\/Elezioni-amministrative.jpg\" \/>\n\t<meta property=\"og:image:width\" content=\"660\" \/>\n\t<meta property=\"og:image:height\" content=\"368\" \/>\n\t<meta property=\"og:image:type\" content=\"image\/jpeg\" \/>\n<meta name=\"author\" content=\"Redazione\" \/>\n<meta name=\"twitter:card\" content=\"summary_large_image\" \/>\n<meta name=\"twitter:label1\" content=\"Scritto da\" \/>\n\t<meta name=\"twitter:data1\" content=\"Redazione\" \/>\n\t<meta name=\"twitter:label2\" content=\"Tempo di lettura stimato\" \/>\n\t<meta name=\"twitter:data2\" content=\"3 minuti\" \/>\n<script type=\"application\/ld+json\" class=\"yoast-schema-graph\">{\"@context\":\"https:\/\/schema.org\",\"@graph\":[{\"@type\":\"Article\",\"@id\":\"https:\/\/www.batmagazine.it\/notizie\/2024\/11\/19\/andria-un-anno-dalle-amministrative-civita-e-m5s-gia-si-sente-parlare-di-aspiranti-ed-aspirazioni\/#article\",\"isPartOf\":{\"@id\":\"https:\/\/www.batmagazine.it\/notizie\/2024\/11\/19\/andria-un-anno-dalle-amministrative-civita-e-m5s-gia-si-sente-parlare-di-aspiranti-ed-aspirazioni\/\"},\"author\":{\"name\":\"Redazione\",\"@id\":\"https:\/\/www.batmagazine.it\/notizie\/#\/schema\/person\/f25ee2762381b507b66ff3f592fb3a5c\"},\"headline\":\"Andria &#8211; Un anno dalle amministrative, Civita e M5S: &#8220;Gi\u00e0 si sente parlare di aspiranti ed aspirazioni&#8221;\",\"datePublished\":\"2024-11-19T09:52:58+00:00\",\"dateModified\":\"2024-11-19T09:53:01+00:00\",\"mainEntityOfPage\":{\"@id\":\"https:\/\/www.batmagazine.it\/notizie\/2024\/11\/19\/andria-un-anno-dalle-amministrative-civita-e-m5s-gia-si-sente-parlare-di-aspiranti-ed-aspirazioni\/\"},\"wordCount\":411,\"publisher\":{\"@id\":\"https:\/\/www.batmagazine.it\/notizie\/#organization\"},\"image\":{\"@id\":\"https:\/\/www.batmagazine.it\/notizie\/2024\/11\/19\/andria-un-anno-dalle-amministrative-civita-e-m5s-gia-si-sente-parlare-di-aspiranti-ed-aspirazioni\/#primaryimage\"},\"thumbnailUrl\":\"https:\/\/www.batmagazine.it\/notizie\/wp-content\/uploads\/2021\/09\/Elezioni-amministrative.jpg\",\"keywords\":[\"andria\",\"consiglieri comunali\",\"Doriana Faraone\",\"Elezioni amministrative\",\"M5S Andria\",\"Nicola Civita\",\"Nuovo sindaco\",\"pietro di pilato\",\"sant'angelo dei ricchi\"],\"articleSection\":[\"Andria\",\"Politica\"],\"inLanguage\":\"it-IT\"},{\"@type\":\"WebPage\",\"@id\":\"https:\/\/www.batmagazine.it\/notizie\/2024\/11\/19\/andria-un-anno-dalle-amministrative-civita-e-m5s-gia-si-sente-parlare-di-aspiranti-ed-aspirazioni\/\",\"url\":\"https:\/\/www.batmagazine.it\/notizie\/2024\/11\/19\/andria-un-anno-dalle-amministrative-civita-e-m5s-gia-si-sente-parlare-di-aspiranti-ed-aspirazioni\/\",\"name\":\"Andria &#8211; Un anno dalle amministrative, Civita e M5S: &#8220;Gi\u00e0 si sente parlare di aspiranti ed aspirazioni&#8221; - BATmagazine\",\"isPartOf\":{\"@id\":\"https:\/\/www.batmagazine.it\/notizie\/#website\"},\"primaryImageOfPage\":{\"@id\":\"https:\/\/www.batmagazine.it\/notizie\/2024\/11\/19\/andria-un-anno-dalle-amministrative-civita-e-m5s-gia-si-sente-parlare-di-aspiranti-ed-aspirazioni\/#primaryimage\"},\"image\":{\"@id\":\"https:\/\/www.batmagazine.it\/notizie\/2024\/11\/19\/andria-un-anno-dalle-amministrative-civita-e-m5s-gia-si-sente-parlare-di-aspiranti-ed-aspirazioni\/#primaryimage\"},\"thumbnailUrl\":\"https:\/\/www.batmagazine.it\/notizie\/wp-content\/uploads\/2021\/09\/Elezioni-amministrative.jpg\",\"datePublished\":\"2024-11-19T09:52:58+00:00\",\"dateModified\":\"2024-11-19T09:53:01+00:00\",\"description\":\"La nota \u00e8 a firma dei Consiglieri Comunali di Andria, Nicola Civita, Doriana Faraone e Pietro Di Pilato\",\"breadcrumb\":{\"@id\":\"https:\/\/www.batmagazine.it\/notizie\/2024\/11\/19\/andria-un-anno-dalle-amministrative-civita-e-m5s-gia-si-sente-parlare-di-aspiranti-ed-aspirazioni\/#breadcrumb\"},\"inLanguage\":\"it-IT\",\"potentialAction\":[{\"@type\":\"ReadAction\",\"target\":[\"https:\/\/www.batmagazine.it\/notizie\/2024\/11\/19\/andria-un-anno-dalle-amministrative-civita-e-m5s-gia-si-sente-parlare-di-aspiranti-ed-aspirazioni\/\"]}]},{\"@type\":\"ImageObject\",\"inLanguage\":\"it-IT\",\"@id\":\"https:\/\/www.batmagazine.it\/notizie\/2024\/11\/19\/andria-un-anno-dalle-amministrative-civita-e-m5s-gia-si-sente-parlare-di-aspiranti-ed-aspirazioni\/#primaryimage\",\"url\":\"https:\/\/www.batmagazine.it\/notizie\/wp-content\/uploads\/2021\/09\/Elezioni-amministrative.jpg\",\"contentUrl\":\"https:\/\/www.batmagazine.it\/notizie\/wp-content\/uploads\/2021\/09\/Elezioni-amministrative.jpg\",\"width\":660,\"height\":368},{\"@type\":\"BreadcrumbList\",\"@id\":\"https:\/\/www.batmagazine.it\/notizie\/2024\/11\/19\/andria-un-anno-dalle-amministrative-civita-e-m5s-gia-si-sente-parlare-di-aspiranti-ed-aspirazioni\/#breadcrumb\",\"itemListElement\":[{\"@type\":\"ListItem\",\"position\":1,\"name\":\"Home\",\"item\":\"https:\/\/www.batmagazine.it\/notizie\/\"},{\"@type\":\"ListItem\",\"position\":2,\"name\":\"Andria &#8211; Un anno dalle amministrative, Civita e M5S: &#8220;Gi\u00e0 si sente parlare di aspiranti ed aspirazioni&#8221;\"}]},{\"@type\":\"WebSite\",\"@id\":\"https:\/\/www.batmagazine.it\/notizie\/#website\",\"url\":\"https:\/\/www.batmagazine.it\/notizie\/\",\"name\":\"BATmagazine\",\"description\":\"Notizie Barletta Andria Trani\",\"publisher\":{\"@id\":\"https:\/\/www.batmagazine.it\/notizie\/#organization\"},\"potentialAction\":[{\"@type\":\"SearchAction\",\"target\":{\"@type\":\"EntryPoint\",\"urlTemplate\":\"https:\/\/www.batmagazine.it\/notizie\/?s={search_term_string}\"},\"query-input\":{\"@type\":\"PropertyValueSpecification\",\"valueRequired\":true,\"valueName\":\"search_term_string\"}}],\"inLanguage\":\"it-IT\"},{\"@type\":\"Organization\",\"@id\":\"https:\/\/www.batmagazine.it\/notizie\/#organization\",\"name\":\"BATmagazine\",\"url\":\"https:\/\/www.batmagazine.it\/notizie\/\",\"logo\":{\"@type\":\"ImageObject\",\"inLanguage\":\"it-IT\",\"@id\":\"https:\/\/www.batmagazine.it\/notizie\/#\/schema\/logo\/image\/\",\"url\":\"https:\/\/www.batmagazine.it\/notizie\/wp-content\/uploads\/2022\/08\/batlogo.png\",\"contentUrl\":\"https:\/\/www.batmagazine.it\/notizie\/wp-content\/uploads\/2022\/08\/batlogo.png\",\"width\":246,\"height\":96,\"caption\":\"BATmagazine\"},\"image\":{\"@id\":\"https:\/\/www.batmagazine.it\/notizie\/#\/schema\/logo\/image\/\"},\"sameAs\":[\"https:\/\/www.facebook.com\/BatMagazine\"]},{\"@type\":\"Person\",\"@id\":\"https:\/\/www.batmagazine.it\/notizie\/#\/schema\/person\/f25ee2762381b507b66ff3f592fb3a5c\",\"name\":\"Redazione\",\"image\":{\"@type\":\"ImageObject\",\"inLanguage\":\"it-IT\",\"@id\":\"https:\/\/www.batmagazine.it\/notizie\/#\/schema\/person\/image\/\",\"url\":\"https:\/\/www.batmagazine.it\/notizie\/wp-content\/uploads\/2020\/07\/Schermata-2020-07-06-alle-16.52.14.png\",\"contentUrl\":\"https:\/\/www.batmagazine.it\/notizie\/wp-content\/uploads\/2020\/07\/Schermata-2020-07-06-alle-16.52.14.png\",\"caption\":\"Redazione\"},\"url\":\"https:\/\/www.batmagazine.it\/notizie\/author\/redazione\/\"}]}<\/script>\n<!-- \/ Yoast SEO plugin. -->","yoast_head_json":{"title":"Andria &#8211; Un anno dalle amministrative, Civita e M5S: &#8220;Gi\u00e0 si sente parlare di aspiranti ed aspirazioni&#8221; - BATmagazine","description":"La nota \u00e8 a firma dei Consiglieri Comunali di Andria, Nicola Civita, Doriana Faraone e Pietro Di Pilato","robots":{"index":"index","follow":"follow","max-snippet":"max-snippet:-1","max-image-preview":"max-image-preview:large","max-video-preview":"max-video-preview:-1"},"canonical":"https:\/\/www.batmagazine.it\/notizie\/2024\/11\/19\/andria-un-anno-dalle-amministrative-civita-e-m5s-gia-si-sente-parlare-di-aspiranti-ed-aspirazioni\/","og_locale":"it_IT","og_type":"article","og_title":"Andria &#8211; Un anno dalle amministrative, Civita e M5S: &#8220;Gi\u00e0 si sente parlare di aspiranti ed aspirazioni&#8221; - BATmagazine","og_description":"La nota \u00e8 a firma dei Consiglieri Comunali di Andria, Nicola Civita, Doriana Faraone e Pietro Di Pilato","og_url":"https:\/\/www.batmagazine.it\/notizie\/2024\/11\/19\/andria-un-anno-dalle-amministrative-civita-e-m5s-gia-si-sente-parlare-di-aspiranti-ed-aspirazioni\/","og_site_name":"BATmagazine","article_publisher":"https:\/\/www.facebook.com\/BatMagazine","article_published_time":"2024-11-19T09:52:58+00:00","article_modified_time":"2024-11-19T09:53:01+00:00","og_image":[{"width":660,"height":368,"url":"https:\/\/www.batmagazine.it\/notizie\/wp-content\/uploads\/2021\/09\/Elezioni-amministrative.jpg","type":"image\/jpeg"}],"author":"Redazione","twitter_card":"summary_large_image","twitter_misc":{"Scritto da":"Redazione","Tempo di lettura stimato":"3 minuti"},"schema":{"@context":"https:\/\/schema.org","@graph":[{"@type":"Article","@id":"https:\/\/www.batmagazine.it\/notizie\/2024\/11\/19\/andria-un-anno-dalle-amministrative-civita-e-m5s-gia-si-sente-parlare-di-aspiranti-ed-aspirazioni\/#article","isPartOf":{"@id":"https:\/\/www.batmagazine.it\/notizie\/2024\/11\/19\/andria-un-anno-dalle-amministrative-civita-e-m5s-gia-si-sente-parlare-di-aspiranti-ed-aspirazioni\/"},"author":{"name":"Redazione","@id":"https:\/\/www.batmagazine.it\/notizie\/#\/schema\/person\/f25ee2762381b507b66ff3f592fb3a5c"},"headline":"Andria &#8211; Un anno dalle amministrative, Civita e M5S: &#8220;Gi\u00e0 si sente parlare di aspiranti ed aspirazioni&#8221;","datePublished":"2024-11-19T09:52:58+00:00","dateModified":"2024-11-19T09:53:01+00:00","mainEntityOfPage":{"@id":"https:\/\/www.batmagazine.it\/notizie\/2024\/11\/19\/andria-un-anno-dalle-amministrative-civita-e-m5s-gia-si-sente-parlare-di-aspiranti-ed-aspirazioni\/"},"wordCount":411,"publisher":{"@id":"https:\/\/www.batmagazine.it\/notizie\/#organization"},"image":{"@id":"https:\/\/www.batmagazine.it\/notizie\/2024\/11\/19\/andria-un-anno-dalle-amministrative-civita-e-m5s-gia-si-sente-parlare-di-aspiranti-ed-aspirazioni\/#primaryimage"},"thumbnailUrl":"https:\/\/www.batmagazine.it\/notizie\/wp-content\/uploads\/2021\/09\/Elezioni-amministrative.jpg","keywords":["andria","consiglieri comunali","Doriana Faraone","Elezioni amministrative","M5S Andria","Nicola Civita","Nuovo sindaco","pietro di pilato","sant'angelo dei ricchi"],"articleSection":["Andria","Politica"],"inLanguage":"it-IT"},{"@type":"WebPage","@id":"https:\/\/www.batmagazine.it\/notizie\/2024\/11\/19\/andria-un-anno-dalle-amministrative-civita-e-m5s-gia-si-sente-parlare-di-aspiranti-ed-aspirazioni\/","url":"https:\/\/www.batmagazine.it\/notizie\/2024\/11\/19\/andria-un-anno-dalle-amministrative-civita-e-m5s-gia-si-sente-parlare-di-aspiranti-ed-aspirazioni\/","name":"Andria &#8211; Un anno dalle amministrative, Civita e M5S: &#8220;Gi\u00e0 si sente parlare di aspiranti ed aspirazioni&#8221; - BATmagazine","isPartOf":{"@id":"https:\/\/www.batmagazine.it\/notizie\/#website"},"primaryImageOfPage":{"@id":"https:\/\/www.batmagazine.it\/notizie\/2024\/11\/19\/andria-un-anno-dalle-amministrative-civita-e-m5s-gia-si-sente-parlare-di-aspiranti-ed-aspirazioni\/#primaryimage"},"image":{"@id":"https:\/\/www.batmagazine.it\/notizie\/2024\/11\/19\/andria-un-anno-dalle-amministrative-civita-e-m5s-gia-si-sente-parlare-di-aspiranti-ed-aspirazioni\/#primaryimage"},"thumbnailUrl":"https:\/\/www.batmagazine.it\/notizie\/wp-content\/uploads\/2021\/09\/Elezioni-amministrative.jpg","datePublished":"2024-11-19T09:52:58+00:00","dateModified":"2024-11-19T09:53:01+00:00","description":"La nota \u00e8 a firma dei Consiglieri Comunali di Andria, Nicola Civita, Doriana Faraone e Pietro Di Pilato","breadcrumb":{"@id":"https:\/\/www.batmagazine.it\/notizie\/2024\/11\/19\/andria-un-anno-dalle-amministrative-civita-e-m5s-gia-si-sente-parlare-di-aspiranti-ed-aspirazioni\/#breadcrumb"},"inLanguage":"it-IT","potentialAction":[{"@type":"ReadAction","target":["https:\/\/www.batmagazine.it\/notizie\/2024\/11\/19\/andria-un-anno-dalle-amministrative-civita-e-m5s-gia-si-sente-parlare-di-aspiranti-ed-aspirazioni\/"]}]},{"@type":"ImageObject","inLanguage":"it-IT","@id":"https:\/\/www.batmagazine.it\/notizie\/2024\/11\/19\/andria-un-anno-dalle-amministrative-civita-e-m5s-gia-si-sente-parlare-di-aspiranti-ed-aspirazioni\/#primaryimage","url":"https:\/\/www.batmagazine.it\/notizie\/wp-content\/uploads\/2021\/09\/Elezioni-amministrative.jpg","contentUrl":"https:\/\/www.batmagazine.it\/notizie\/wp-content\/uploads\/2021\/09\/Elezioni-amministrative.jpg","width":660,"height":368},{"@type":"BreadcrumbList","@id":"https:\/\/www.batmagazine.it\/notizie\/2024\/11\/19\/andria-un-anno-dalle-amministrative-civita-e-m5s-gia-si-sente-parlare-di-aspiranti-ed-aspirazioni\/#breadcrumb","itemListElement":[{"@type":"ListItem","position":1,"name":"Home","item":"https:\/\/www.batmagazine.it\/notizie\/"},{"@type":"ListItem","position":2,"name":"Andria &#8211; Un anno dalle amministrative, Civita e M5S: &#8220;Gi\u00e0 si sente parlare di aspiranti ed aspirazioni&#8221;"}]},{"@type":"WebSite","@id":"https:\/\/www.batmagazine.it\/notizie\/#website","url":"https:\/\/www.batmagazine.it\/notizie\/","name":"BATmagazine","description":"Notizie Barletta Andria Trani","publisher":{"@id":"https:\/\/www.batmagazine.it\/notizie\/#organization"},"potentialAction":[{"@type":"SearchAction","target":{"@type":"EntryPoint","urlTemplate":"https:\/\/www.batmagazine.it\/notizie\/?s={search_term_string}"},"query-input":{"@type":"PropertyValueSpecification","valueRequired":true,"valueName":"search_term_string"}}],"inLanguage":"it-IT"},{"@type":"Organization","@id":"https:\/\/www.batmagazine.it\/notizie\/#organization","name":"BATmagazine","url":"https:\/\/www.batmagazine.it\/notizie\/","logo":{"@type":"ImageObject","inLanguage":"it-IT","@id":"https:\/\/www.batmagazine.it\/notizie\/#\/schema\/logo\/image\/","url":"https:\/\/www.batmagazine.it\/notizie\/wp-content\/uploads\/2022\/08\/batlogo.png","contentUrl":"https:\/\/www.batmagazine.it\/notizie\/wp-content\/uploads\/2022\/08\/batlogo.png","width":246,"height":96,"caption":"BATmagazine"},"image":{"@id":"https:\/\/www.batmagazine.it\/notizie\/#\/schema\/logo\/image\/"},"sameAs":["https:\/\/www.facebook.com\/BatMagazine"]},{"@type":"Person","@id":"https:\/\/www.batmagazine.it\/notizie\/#\/schema\/person\/f25ee2762381b507b66ff3f592fb3a5c","name":"Redazione","image":{"@type":"ImageObject","inLanguage":"it-IT","@id":"https:\/\/www.batmagazine.it\/notizie\/#\/schema\/person\/image\/","url":"https:\/\/www.batmagazine.it\/notizie\/wp-content\/uploads\/2020\/07\/Schermata-2020-07-06-alle-16.52.14.png","contentUrl":"https:\/\/www.batmagazine.it\/notizie\/wp-content\/uploads\/2020\/07\/Schermata-2020-07-06-alle-16.52.14.png","caption":"Redazione"},"url":"https:\/\/www.batmagazine.it\/notizie\/author\/redazione\/"}]}},"_links":{"self":[{"href":"https:\/\/www.batmagazine.it\/notizie\/wp-json\/wp\/v2\/posts\/175177","targetHints":{"allow":["GET"]}}],"collection":[{"href":"https:\/\/www.batmagazine.it\/notizie\/wp-json\/wp\/v2\/posts"}],"about":[{"href":"https:\/\/www.batmagazine.it\/notizie\/wp-json\/wp\/v2\/types\/post"}],"author":[{"embeddable":true,"href":"https:\/\/www.batmagazine.it\/notizie\/wp-json\/wp\/v2\/users\/2"}],"replies":[{"embeddable":true,"href":"https:\/\/www.batmagazine.it\/notizie\/wp-json\/wp\/v2\/comments?post=175177"}],"version-history":[{"count":2,"href":"https:\/\/www.batmagazine.it\/notizie\/wp-json\/wp\/v2\/posts\/175177\/revisions"}],"predecessor-version":[{"id":175179,"href":"https:\/\/www.batmagazine.it\/notizie\/wp-json\/wp\/v2\/posts\/175177\/revisions\/175179"}],"wp:featuredmedia":[{"embeddable":true,"href":"https:\/\/www.batmagazine.it\/notizie\/wp-json\/wp\/v2\/media\/124328"}],"wp:attachment":[{"href":"https:\/\/www.batmagazine.it\/notizie\/wp-json\/wp\/v2\/media?parent=175177"}],"wp:term":[{"taxonomy":"category","embeddable":true,"href":"https:\/\/www.batmagazine.it\/notizie\/wp-json\/wp\/v2\/categories?post=175177"},{"taxonomy":"post_tag","embeddable":true,"href":"https:\/\/www.batmagazine.it\/notizie\/wp-json\/wp\/v2\/tags?post=175177"}],"curies":[{"name":"wp","href":"https:\/\/api.w.org\/{rel}","templated":true}]}}