{"id":196923,"date":"2026-04-20T10:54:38","date_gmt":"2026-04-20T08:54:38","guid":{"rendered":"https:\/\/www.batmagazine.it\/notizie\/?p=196923"},"modified":"2026-04-20T12:39:57","modified_gmt":"2026-04-20T10:39:57","slug":"calcio-stagione-da-incorniciare-per-la-bat-barletta-promosso-in-c-bisceglie-in-d-e-trani-in-eccellenza","status":"publish","type":"post","link":"https:\/\/www.batmagazine.it\/notizie\/2026\/04\/20\/calcio-stagione-da-incorniciare-per-la-bat-barletta-promosso-in-c-bisceglie-in-d-e-trani-in-eccellenza\/","title":{"rendered":"Calcio &#8211; Stagione da incorniciare per la Bat: Barletta promosso in C, Bisceglie in D e Trani in Eccellenza"},"content":{"rendered":"\n<p>La sesta provincia pugliese ha vissuto una stagione calcistica di rara magnificenza, consegnando agli annali <strong>tre promozioni che sanno di rinascita, orgoglio e destino compiuto<\/strong>.<\/p>\n\n\n\n<p>La domenica appena trascorsa, che ha consegnato <strong>il Barletta alla Serie C<\/strong>, ha il sapore delle epopee lungamente sospese. <strong>Undici anni di purgatorio sportivo<\/strong> si sono sciolti sotto il cielo di un &#8220;Pino Zaccheria&#8221; vibrante, teatro di una vittoria sofferta e meritata contro un\u2019<strong>Heraclea<\/strong> mai doma.<\/p>\n\n\n\n<p>Il successo, maturato con il punteggio di <strong>1-3 per i biancorossi di mister Paci<\/strong>, \u00e8 stato il suggello di una stagione condotta con autorit\u00e0: <strong>67 punti complessivi<\/strong> a due giornate dal termine del <strong>girone H<\/strong> del campionato di <strong>Serie D<\/strong>, miglior attacco e miglior difesa del campionato e una differenza reti che racconta pi\u00f9 di mille parole (<strong>+32<\/strong>).<\/p>\n\n\n\n<p>Il triplice fischio ha liberato un boato che non era soltanto gioia, ma catarsi: Barletta ritrova il calcio che conta, e lo fa con una squadra che ha saputo coniugare pragmatismo e bellezza.<\/p>\n\n\n\n<p>Non meno significativa, sebbene maturata su un palcoscenico differente, <strong>\u00e8 la promozione del Bisceglie in Serie D<\/strong>.<\/p>\n\n\n\n<p>La notizia \u00e8 diventata ufficiale alle 18.26 di ieri, domenica 19 aprile 2026, quando la <strong>K-Sport Montecchio-Gallo<\/strong>, la squadra che contender\u00e0 ai nerazzurro stellati la <strong>Coppa Italia Dilettanti<\/strong> il prossimo 9 maggio, ha vinto il campionato di Eccellenza marchigiana battendo 3-1 l\u2019Urbania: ci\u00f2 significa che il Bisceglie, da finalista, <strong>ha ottenuto un meritatissimo pass per la quarta serie<\/strong>.<\/p>\n\n\n\n<p>Non ignoriamo di certo la gara giocata dalla squadra di <strong>Pino Di Meo<\/strong> davanti al caldissimo pubblico del \u201cVentura\u201d: <strong>contro il Canosa \u00e8 finita 3-2 per gli ospiti<\/strong>, trascinati da una tripletta di Di Piazza, a segno nella prima frazione al 25\u2032 e nella ripresa al 15\u2032 e al 47\u2032. Le reti stellate portano la firma di Sene al 37\u2032 del primo tempo e Lopez al 15\u2032 del secondo. <br><strong>Poco male: \u00e8 comunque l\u2019ora della festa!<\/strong><\/p>\n\n\n\n<p>Mancano ora due sole partite per chiudere la stagione: la passerella finale di domenica prossima in casa dell\u2019<strong>Atletico Acquaviva<\/strong> e la finale di Coppa contro il <strong>Montecchio-Gallo<\/strong> in programma sabato 9 maggio a Teramo, in cui i biancorossi marchigiani, saranno fieri avversari.<\/p>\n\n\n\n<p><strong>E poi c\u2019\u00e8 Trani, che con eleganza quasi silenziosa ha costruito la propria promozione in Eccellenza<\/strong>. <\/p>\n\n\n\n<p>Una cavalcata maestosa, suggellata da numeri eloquenti e da una vittoria che ha il sapore della consacrazione: la compagine tranese torna nel massimo campionato regionale e lo fa con l\u2019autorevolezza delle grandi imprese.<\/p>\n\n\n\n<p>Non una semplice promozione, ma un atto di supremazia calcistica: la Soccer Trani 2025\/2026 ha trasforma <strong>il campionato di Promozione in un monologo autoritario<\/strong>, imponendo ritmo, identit\u00e0 e distacco abissale sulle inseguitrici.<\/p>\n\n\n\n<p>Giornata dopo giornata, il Trani ha scavato un solco sempre pi\u00f9 profondo tra s\u00e9 e le inseguitrici, trasformando la competizione in una progressiva affermazione di superiorit\u00e0 tecnica e mentale.<\/p>\n\n\n\n<p>Alla 31\u00aa giornata, disputata ieri, il quadro \u00e8 ormai cristallino: <strong>79 punti in classifica<\/strong>, un vantaggio abissale sulla seconda e numeri che raccontano di una stagione fuori scala. 25 vittorie, appena 2 sconfitte e una differenza reti che supera le cinquanta lunghezze. Una marcia implacabile, costruita su equilibrio tattico, solidit\u00e0 difensiva e una capacit\u00e0 realizzativa costante.<\/p>\n\n\n\n<p>Con ancora tre giornate da disputare sulle 34 complessive, il finale di stagione si trasforma cos\u00ec in una passerella d\u2019onore. Ogni partita diventa celebrazione, ogni minuto un tributo a una squadra che ha saputo coniugare qualit\u00e0 e continuit\u00e0, disciplina e ambizione.<\/p>\n\n\n\n<p>Il ritorno in Eccellenza rappresenta oggi molto pi\u00f9 di un salto di categoria. Trani ritrova il proprio posto nel calcio che conta a livello regionale, sospinta da un entusiasmo che va oltre il rettangolo di gioco.<\/p>\n\n\n\n<p>Tre promozioni, tre storie diverse, un unico denominatore: <strong>la rinascita calcistica della sesta provincia pugliese<\/strong>. <\/p>\n\n\n\n<p><strong>Barletta, Bisceglie e Trani<\/strong> diventano cos\u00ec i vessilli di un territorio che, troppo a lungo relegato ai margini delle narrazioni sportive nazionali, torna a imporsi con forza e dignit\u00e0. \u00c8 una stagione che travalica il mero dato sportivo, trasformandosi in fenomeno sociale e culturale: gli stadi tornano a riempirsi, le bandiere a sventolare, le comunit\u00e0 a riconoscersi nei propri colori.<\/p>\n\n\n\n<p><strong>E mentre le luci si abbassano su una stagione indimenticabile<\/strong>, gi\u00e0 si intravede l\u2019alba di nuove sfide: perch\u00e9 il bello, per Barletta, Bisceglie e Trani, sembra appena cominciato.<\/p>\n","protected":false},"excerpt":{"rendered":"<p>La sesta provincia pugliese ha vissuto una stagione calcistica di rara magnificenza, consegnando agli annali tre promozioni che sanno di rinascita, orgoglio e destino compiuto<\/p>\n","protected":false},"author":4,"featured_media":196925,"comment_status":"closed","ping_status":"closed","sticky":false,"template":"","format":"standard","meta":{"footnotes":""},"categories":[4,17,19,2131,26,5,18],"tags":[2054,2130,17646,41520,15656,2115,5752,2440,24025,38288],"class_list":{"0":"post-196923","1":"post","2":"type-post","3":"status-publish","4":"format-standard","5":"has-post-thumbnail","7":"category-attualita","8":"category-barletta","9":"category-bisceglie","10":"category-calcio","11":"category-eventi","12":"category-sport","13":"category-trani","14":"tag-barletta","15":"tag-bisceglie","16":"tag-eccellenza","17":"tag-mister-paci","18":"tag-promozioni","19":"tag-provincia-bat","20":"tag-serie-c","21":"tag-serie-d","22":"tag-soccer-trani","23":"tag-stagione-2025-2026"},"featured_image_url":"https:\/\/www.batmagazine.it\/notizie\/wp-content\/uploads\/2026\/04\/674464293_26541630642130593_5000612828177986560_n-1024x603.jpg","primary_category":{"id":4,"name":"Attualit\u00e0"},"author_name":"Alessandro Liso","yoast_head":"<!-- This site is optimized with the Yoast SEO plugin v26.8 - https:\/\/yoast.com\/product\/yoast-seo-wordpress\/ -->\n<title>Calcio &#8211; Stagione da incorniciare per la Bat: Barletta promosso in C, Bisceglie in D e Trani in Eccellenza - BATmagazine<\/title>\n<meta name=\"description\" content=\"La sesta provincia pugliese ha vissuto una stagione calcistica di rara magnificenza, consegnando agli annali tre promozioni che sanno di rinascita, orgoglio e destino compiuto\" \/>\n<meta name=\"robots\" content=\"index, follow, max-snippet:-1, max-image-preview:large, max-video-preview:-1\" \/>\n<link rel=\"canonical\" href=\"https:\/\/www.batmagazine.it\/notizie\/2026\/04\/20\/calcio-stagione-da-incorniciare-per-la-bat-barletta-promosso-in-c-bisceglie-in-d-e-trani-in-eccellenza\/\" \/>\n<meta property=\"og:locale\" content=\"it_IT\" \/>\n<meta property=\"og:type\" content=\"article\" \/>\n<meta property=\"og:title\" content=\"Calcio &#8211; Stagione da incorniciare per la Bat: Barletta promosso in C, Bisceglie in D e Trani in Eccellenza - BATmagazine\" \/>\n<meta property=\"og:description\" content=\"La sesta provincia pugliese ha vissuto una stagione calcistica di rara magnificenza, consegnando agli annali tre promozioni che sanno di rinascita, orgoglio e destino compiuto\" \/>\n<meta property=\"og:url\" content=\"https:\/\/www.batmagazine.it\/notizie\/2026\/04\/20\/calcio-stagione-da-incorniciare-per-la-bat-barletta-promosso-in-c-bisceglie-in-d-e-trani-in-eccellenza\/\" \/>\n<meta property=\"og:site_name\" content=\"BATmagazine\" \/>\n<meta property=\"article:publisher\" content=\"https:\/\/www.facebook.com\/BatMagazine\" \/>\n<meta property=\"article:published_time\" content=\"2026-04-20T08:54:38+00:00\" \/>\n<meta property=\"article:modified_time\" content=\"2026-04-20T10:39:57+00:00\" \/>\n<meta property=\"og:image\" content=\"https:\/\/www.batmagazine.it\/notizie\/wp-content\/uploads\/2026\/04\/674464293_26541630642130593_5000612828177986560_n.jpg\" \/>\n\t<meta property=\"og:image:width\" content=\"2048\" \/>\n\t<meta property=\"og:image:height\" content=\"1206\" \/>\n\t<meta property=\"og:image:type\" content=\"image\/jpeg\" \/>\n<meta name=\"author\" content=\"Alessandro Liso\" \/>\n<meta name=\"twitter:card\" content=\"summary_large_image\" \/>\n<meta name=\"twitter:label1\" content=\"Scritto da\" \/>\n\t<meta name=\"twitter:data1\" content=\"Alessandro Liso\" \/>\n\t<meta name=\"twitter:label2\" content=\"Tempo di lettura stimato\" \/>\n\t<meta name=\"twitter:data2\" content=\"4 minuti\" \/>\n<script type=\"application\/ld+json\" class=\"yoast-schema-graph\">{\"@context\":\"https:\/\/schema.org\",\"@graph\":[{\"@type\":\"Article\",\"@id\":\"https:\/\/www.batmagazine.it\/notizie\/2026\/04\/20\/calcio-stagione-da-incorniciare-per-la-bat-barletta-promosso-in-c-bisceglie-in-d-e-trani-in-eccellenza\/#article\",\"isPartOf\":{\"@id\":\"https:\/\/www.batmagazine.it\/notizie\/2026\/04\/20\/calcio-stagione-da-incorniciare-per-la-bat-barletta-promosso-in-c-bisceglie-in-d-e-trani-in-eccellenza\/\"},\"author\":{\"name\":\"Alessandro Liso\",\"@id\":\"https:\/\/www.batmagazine.it\/notizie\/#\/schema\/person\/cc6a5d15435993b9a27646374949f262\"},\"headline\":\"Calcio &#8211; Stagione da incorniciare per la Bat: Barletta promosso in C, Bisceglie in D e Trani in Eccellenza\",\"datePublished\":\"2026-04-20T08:54:38+00:00\",\"dateModified\":\"2026-04-20T10:39:57+00:00\",\"mainEntityOfPage\":{\"@id\":\"https:\/\/www.batmagazine.it\/notizie\/2026\/04\/20\/calcio-stagione-da-incorniciare-per-la-bat-barletta-promosso-in-c-bisceglie-in-d-e-trani-in-eccellenza\/\"},\"wordCount\":701,\"publisher\":{\"@id\":\"https:\/\/www.batmagazine.it\/notizie\/#organization\"},\"image\":{\"@id\":\"https:\/\/www.batmagazine.it\/notizie\/2026\/04\/20\/calcio-stagione-da-incorniciare-per-la-bat-barletta-promosso-in-c-bisceglie-in-d-e-trani-in-eccellenza\/#primaryimage\"},\"thumbnailUrl\":\"https:\/\/www.batmagazine.it\/notizie\/wp-content\/uploads\/2026\/04\/674464293_26541630642130593_5000612828177986560_n.jpg\",\"keywords\":[\"barletta\",\"bisceglie\",\"Eccellenza\",\"mister paci\",\"Promozioni\",\"Provincia Bat\",\"Serie C\",\"serie D\",\"Soccer trani\",\"stagione 2025\/2026\"],\"articleSection\":[\"Attualit\u00e0\",\"Barletta\",\"Bisceglie\",\"Calcio\",\"Eventi\",\"Sport\",\"Trani\"],\"inLanguage\":\"it-IT\"},{\"@type\":\"WebPage\",\"@id\":\"https:\/\/www.batmagazine.it\/notizie\/2026\/04\/20\/calcio-stagione-da-incorniciare-per-la-bat-barletta-promosso-in-c-bisceglie-in-d-e-trani-in-eccellenza\/\",\"url\":\"https:\/\/www.batmagazine.it\/notizie\/2026\/04\/20\/calcio-stagione-da-incorniciare-per-la-bat-barletta-promosso-in-c-bisceglie-in-d-e-trani-in-eccellenza\/\",\"name\":\"Calcio &#8211; Stagione da incorniciare per la Bat: Barletta promosso in C, Bisceglie in D e Trani in Eccellenza - BATmagazine\",\"isPartOf\":{\"@id\":\"https:\/\/www.batmagazine.it\/notizie\/#website\"},\"primaryImageOfPage\":{\"@id\":\"https:\/\/www.batmagazine.it\/notizie\/2026\/04\/20\/calcio-stagione-da-incorniciare-per-la-bat-barletta-promosso-in-c-bisceglie-in-d-e-trani-in-eccellenza\/#primaryimage\"},\"image\":{\"@id\":\"https:\/\/www.batmagazine.it\/notizie\/2026\/04\/20\/calcio-stagione-da-incorniciare-per-la-bat-barletta-promosso-in-c-bisceglie-in-d-e-trani-in-eccellenza\/#primaryimage\"},\"thumbnailUrl\":\"https:\/\/www.batmagazine.it\/notizie\/wp-content\/uploads\/2026\/04\/674464293_26541630642130593_5000612828177986560_n.jpg\",\"datePublished\":\"2026-04-20T08:54:38+00:00\",\"dateModified\":\"2026-04-20T10:39:57+00:00\",\"description\":\"La sesta provincia pugliese ha vissuto una stagione calcistica di rara magnificenza, consegnando agli annali tre promozioni che sanno di rinascita, orgoglio e destino compiuto\",\"breadcrumb\":{\"@id\":\"https:\/\/www.batmagazine.it\/notizie\/2026\/04\/20\/calcio-stagione-da-incorniciare-per-la-bat-barletta-promosso-in-c-bisceglie-in-d-e-trani-in-eccellenza\/#breadcrumb\"},\"inLanguage\":\"it-IT\",\"potentialAction\":[{\"@type\":\"ReadAction\",\"target\":[\"https:\/\/www.batmagazine.it\/notizie\/2026\/04\/20\/calcio-stagione-da-incorniciare-per-la-bat-barletta-promosso-in-c-bisceglie-in-d-e-trani-in-eccellenza\/\"]}]},{\"@type\":\"ImageObject\",\"inLanguage\":\"it-IT\",\"@id\":\"https:\/\/www.batmagazine.it\/notizie\/2026\/04\/20\/calcio-stagione-da-incorniciare-per-la-bat-barletta-promosso-in-c-bisceglie-in-d-e-trani-in-eccellenza\/#primaryimage\",\"url\":\"https:\/\/www.batmagazine.it\/notizie\/wp-content\/uploads\/2026\/04\/674464293_26541630642130593_5000612828177986560_n.jpg\",\"contentUrl\":\"https:\/\/www.batmagazine.it\/notizie\/wp-content\/uploads\/2026\/04\/674464293_26541630642130593_5000612828177986560_n.jpg\",\"width\":2048,\"height\":1206,\"caption\":\"Foto: Barletta Calcio\"},{\"@type\":\"BreadcrumbList\",\"@id\":\"https:\/\/www.batmagazine.it\/notizie\/2026\/04\/20\/calcio-stagione-da-incorniciare-per-la-bat-barletta-promosso-in-c-bisceglie-in-d-e-trani-in-eccellenza\/#breadcrumb\",\"itemListElement\":[{\"@type\":\"ListItem\",\"position\":1,\"name\":\"Home\",\"item\":\"https:\/\/www.batmagazine.it\/notizie\/\"},{\"@type\":\"ListItem\",\"position\":2,\"name\":\"Calcio &#8211; Stagione da incorniciare per la Bat: Barletta promosso in C, Bisceglie in D e Trani in Eccellenza\"}]},{\"@type\":\"WebSite\",\"@id\":\"https:\/\/www.batmagazine.it\/notizie\/#website\",\"url\":\"https:\/\/www.batmagazine.it\/notizie\/\",\"name\":\"BATmagazine\",\"description\":\"Notizie Barletta Andria Trani\",\"publisher\":{\"@id\":\"https:\/\/www.batmagazine.it\/notizie\/#organization\"},\"potentialAction\":[{\"@type\":\"SearchAction\",\"target\":{\"@type\":\"EntryPoint\",\"urlTemplate\":\"https:\/\/www.batmagazine.it\/notizie\/?s={search_term_string}\"},\"query-input\":{\"@type\":\"PropertyValueSpecification\",\"valueRequired\":true,\"valueName\":\"search_term_string\"}}],\"inLanguage\":\"it-IT\"},{\"@type\":\"Organization\",\"@id\":\"https:\/\/www.batmagazine.it\/notizie\/#organization\",\"name\":\"BATmagazine\",\"url\":\"https:\/\/www.batmagazine.it\/notizie\/\",\"logo\":{\"@type\":\"ImageObject\",\"inLanguage\":\"it-IT\",\"@id\":\"https:\/\/www.batmagazine.it\/notizie\/#\/schema\/logo\/image\/\",\"url\":\"https:\/\/www.batmagazine.it\/notizie\/wp-content\/uploads\/2022\/08\/batlogo.png\",\"contentUrl\":\"https:\/\/www.batmagazine.it\/notizie\/wp-content\/uploads\/2022\/08\/batlogo.png\",\"width\":246,\"height\":96,\"caption\":\"BATmagazine\"},\"image\":{\"@id\":\"https:\/\/www.batmagazine.it\/notizie\/#\/schema\/logo\/image\/\"},\"sameAs\":[\"https:\/\/www.facebook.com\/BatMagazine\"]},{\"@type\":\"Person\",\"@id\":\"https:\/\/www.batmagazine.it\/notizie\/#\/schema\/person\/cc6a5d15435993b9a27646374949f262\",\"name\":\"Alessandro Liso\",\"image\":{\"@type\":\"ImageObject\",\"inLanguage\":\"it-IT\",\"@id\":\"https:\/\/www.batmagazine.it\/notizie\/#\/schema\/person\/image\/\",\"url\":\"https:\/\/www.batmagazine.it\/notizie\/wp-content\/uploads\/2020\/09\/Alessandro-Liso2-150x150.jpeg\",\"contentUrl\":\"https:\/\/www.batmagazine.it\/notizie\/wp-content\/uploads\/2020\/09\/Alessandro-Liso2-150x150.jpeg\",\"caption\":\"Alessandro Liso\"},\"url\":\"https:\/\/www.batmagazine.it\/notizie\/author\/lisoalex\/\"}]}<\/script>\n<!-- \/ Yoast SEO plugin. -->","yoast_head_json":{"title":"Calcio &#8211; Stagione da incorniciare per la Bat: Barletta promosso in C, Bisceglie in D e Trani in Eccellenza - BATmagazine","description":"La sesta provincia pugliese ha vissuto una stagione calcistica di rara magnificenza, consegnando agli annali tre promozioni che sanno di rinascita, orgoglio e destino compiuto","robots":{"index":"index","follow":"follow","max-snippet":"max-snippet:-1","max-image-preview":"max-image-preview:large","max-video-preview":"max-video-preview:-1"},"canonical":"https:\/\/www.batmagazine.it\/notizie\/2026\/04\/20\/calcio-stagione-da-incorniciare-per-la-bat-barletta-promosso-in-c-bisceglie-in-d-e-trani-in-eccellenza\/","og_locale":"it_IT","og_type":"article","og_title":"Calcio &#8211; Stagione da incorniciare per la Bat: Barletta promosso in C, Bisceglie in D e Trani in Eccellenza - BATmagazine","og_description":"La sesta provincia pugliese ha vissuto una stagione calcistica di rara magnificenza, consegnando agli annali tre promozioni che sanno di rinascita, orgoglio e destino compiuto","og_url":"https:\/\/www.batmagazine.it\/notizie\/2026\/04\/20\/calcio-stagione-da-incorniciare-per-la-bat-barletta-promosso-in-c-bisceglie-in-d-e-trani-in-eccellenza\/","og_site_name":"BATmagazine","article_publisher":"https:\/\/www.facebook.com\/BatMagazine","article_published_time":"2026-04-20T08:54:38+00:00","article_modified_time":"2026-04-20T10:39:57+00:00","og_image":[{"width":2048,"height":1206,"url":"https:\/\/www.batmagazine.it\/notizie\/wp-content\/uploads\/2026\/04\/674464293_26541630642130593_5000612828177986560_n.jpg","type":"image\/jpeg"}],"author":"Alessandro Liso","twitter_card":"summary_large_image","twitter_misc":{"Scritto da":"Alessandro Liso","Tempo di lettura stimato":"4 minuti"},"schema":{"@context":"https:\/\/schema.org","@graph":[{"@type":"Article","@id":"https:\/\/www.batmagazine.it\/notizie\/2026\/04\/20\/calcio-stagione-da-incorniciare-per-la-bat-barletta-promosso-in-c-bisceglie-in-d-e-trani-in-eccellenza\/#article","isPartOf":{"@id":"https:\/\/www.batmagazine.it\/notizie\/2026\/04\/20\/calcio-stagione-da-incorniciare-per-la-bat-barletta-promosso-in-c-bisceglie-in-d-e-trani-in-eccellenza\/"},"author":{"name":"Alessandro Liso","@id":"https:\/\/www.batmagazine.it\/notizie\/#\/schema\/person\/cc6a5d15435993b9a27646374949f262"},"headline":"Calcio &#8211; Stagione da incorniciare per la Bat: Barletta promosso in C, Bisceglie in D e Trani in Eccellenza","datePublished":"2026-04-20T08:54:38+00:00","dateModified":"2026-04-20T10:39:57+00:00","mainEntityOfPage":{"@id":"https:\/\/www.batmagazine.it\/notizie\/2026\/04\/20\/calcio-stagione-da-incorniciare-per-la-bat-barletta-promosso-in-c-bisceglie-in-d-e-trani-in-eccellenza\/"},"wordCount":701,"publisher":{"@id":"https:\/\/www.batmagazine.it\/notizie\/#organization"},"image":{"@id":"https:\/\/www.batmagazine.it\/notizie\/2026\/04\/20\/calcio-stagione-da-incorniciare-per-la-bat-barletta-promosso-in-c-bisceglie-in-d-e-trani-in-eccellenza\/#primaryimage"},"thumbnailUrl":"https:\/\/www.batmagazine.it\/notizie\/wp-content\/uploads\/2026\/04\/674464293_26541630642130593_5000612828177986560_n.jpg","keywords":["barletta","bisceglie","Eccellenza","mister paci","Promozioni","Provincia Bat","Serie C","serie D","Soccer trani","stagione 2025\/2026"],"articleSection":["Attualit\u00e0","Barletta","Bisceglie","Calcio","Eventi","Sport","Trani"],"inLanguage":"it-IT"},{"@type":"WebPage","@id":"https:\/\/www.batmagazine.it\/notizie\/2026\/04\/20\/calcio-stagione-da-incorniciare-per-la-bat-barletta-promosso-in-c-bisceglie-in-d-e-trani-in-eccellenza\/","url":"https:\/\/www.batmagazine.it\/notizie\/2026\/04\/20\/calcio-stagione-da-incorniciare-per-la-bat-barletta-promosso-in-c-bisceglie-in-d-e-trani-in-eccellenza\/","name":"Calcio &#8211; Stagione da incorniciare per la Bat: Barletta promosso in C, Bisceglie in D e Trani in Eccellenza - BATmagazine","isPartOf":{"@id":"https:\/\/www.batmagazine.it\/notizie\/#website"},"primaryImageOfPage":{"@id":"https:\/\/www.batmagazine.it\/notizie\/2026\/04\/20\/calcio-stagione-da-incorniciare-per-la-bat-barletta-promosso-in-c-bisceglie-in-d-e-trani-in-eccellenza\/#primaryimage"},"image":{"@id":"https:\/\/www.batmagazine.it\/notizie\/2026\/04\/20\/calcio-stagione-da-incorniciare-per-la-bat-barletta-promosso-in-c-bisceglie-in-d-e-trani-in-eccellenza\/#primaryimage"},"thumbnailUrl":"https:\/\/www.batmagazine.it\/notizie\/wp-content\/uploads\/2026\/04\/674464293_26541630642130593_5000612828177986560_n.jpg","datePublished":"2026-04-20T08:54:38+00:00","dateModified":"2026-04-20T10:39:57+00:00","description":"La sesta provincia pugliese ha vissuto una stagione calcistica di rara magnificenza, consegnando agli annali tre promozioni che sanno di rinascita, orgoglio e destino compiuto","breadcrumb":{"@id":"https:\/\/www.batmagazine.it\/notizie\/2026\/04\/20\/calcio-stagione-da-incorniciare-per-la-bat-barletta-promosso-in-c-bisceglie-in-d-e-trani-in-eccellenza\/#breadcrumb"},"inLanguage":"it-IT","potentialAction":[{"@type":"ReadAction","target":["https:\/\/www.batmagazine.it\/notizie\/2026\/04\/20\/calcio-stagione-da-incorniciare-per-la-bat-barletta-promosso-in-c-bisceglie-in-d-e-trani-in-eccellenza\/"]}]},{"@type":"ImageObject","inLanguage":"it-IT","@id":"https:\/\/www.batmagazine.it\/notizie\/2026\/04\/20\/calcio-stagione-da-incorniciare-per-la-bat-barletta-promosso-in-c-bisceglie-in-d-e-trani-in-eccellenza\/#primaryimage","url":"https:\/\/www.batmagazine.it\/notizie\/wp-content\/uploads\/2026\/04\/674464293_26541630642130593_5000612828177986560_n.jpg","contentUrl":"https:\/\/www.batmagazine.it\/notizie\/wp-content\/uploads\/2026\/04\/674464293_26541630642130593_5000612828177986560_n.jpg","width":2048,"height":1206,"caption":"Foto: Barletta Calcio"},{"@type":"BreadcrumbList","@id":"https:\/\/www.batmagazine.it\/notizie\/2026\/04\/20\/calcio-stagione-da-incorniciare-per-la-bat-barletta-promosso-in-c-bisceglie-in-d-e-trani-in-eccellenza\/#breadcrumb","itemListElement":[{"@type":"ListItem","position":1,"name":"Home","item":"https:\/\/www.batmagazine.it\/notizie\/"},{"@type":"ListItem","position":2,"name":"Calcio &#8211; Stagione da incorniciare per la Bat: Barletta promosso in C, Bisceglie in D e Trani in Eccellenza"}]},{"@type":"WebSite","@id":"https:\/\/www.batmagazine.it\/notizie\/#website","url":"https:\/\/www.batmagazine.it\/notizie\/","name":"BATmagazine","description":"Notizie Barletta Andria Trani","publisher":{"@id":"https:\/\/www.batmagazine.it\/notizie\/#organization"},"potentialAction":[{"@type":"SearchAction","target":{"@type":"EntryPoint","urlTemplate":"https:\/\/www.batmagazine.it\/notizie\/?s={search_term_string}"},"query-input":{"@type":"PropertyValueSpecification","valueRequired":true,"valueName":"search_term_string"}}],"inLanguage":"it-IT"},{"@type":"Organization","@id":"https:\/\/www.batmagazine.it\/notizie\/#organization","name":"BATmagazine","url":"https:\/\/www.batmagazine.it\/notizie\/","logo":{"@type":"ImageObject","inLanguage":"it-IT","@id":"https:\/\/www.batmagazine.it\/notizie\/#\/schema\/logo\/image\/","url":"https:\/\/www.batmagazine.it\/notizie\/wp-content\/uploads\/2022\/08\/batlogo.png","contentUrl":"https:\/\/www.batmagazine.it\/notizie\/wp-content\/uploads\/2022\/08\/batlogo.png","width":246,"height":96,"caption":"BATmagazine"},"image":{"@id":"https:\/\/www.batmagazine.it\/notizie\/#\/schema\/logo\/image\/"},"sameAs":["https:\/\/www.facebook.com\/BatMagazine"]},{"@type":"Person","@id":"https:\/\/www.batmagazine.it\/notizie\/#\/schema\/person\/cc6a5d15435993b9a27646374949f262","name":"Alessandro Liso","image":{"@type":"ImageObject","inLanguage":"it-IT","@id":"https:\/\/www.batmagazine.it\/notizie\/#\/schema\/person\/image\/","url":"https:\/\/www.batmagazine.it\/notizie\/wp-content\/uploads\/2020\/09\/Alessandro-Liso2-150x150.jpeg","contentUrl":"https:\/\/www.batmagazine.it\/notizie\/wp-content\/uploads\/2020\/09\/Alessandro-Liso2-150x150.jpeg","caption":"Alessandro Liso"},"url":"https:\/\/www.batmagazine.it\/notizie\/author\/lisoalex\/"}]}},"_links":{"self":[{"href":"https:\/\/www.batmagazine.it\/notizie\/wp-json\/wp\/v2\/posts\/196923","targetHints":{"allow":["GET"]}}],"collection":[{"href":"https:\/\/www.batmagazine.it\/notizie\/wp-json\/wp\/v2\/posts"}],"about":[{"href":"https:\/\/www.batmagazine.it\/notizie\/wp-json\/wp\/v2\/types\/post"}],"author":[{"embeddable":true,"href":"https:\/\/www.batmagazine.it\/notizie\/wp-json\/wp\/v2\/users\/4"}],"replies":[{"embeddable":true,"href":"https:\/\/www.batmagazine.it\/notizie\/wp-json\/wp\/v2\/comments?post=196923"}],"version-history":[{"count":5,"href":"https:\/\/www.batmagazine.it\/notizie\/wp-json\/wp\/v2\/posts\/196923\/revisions"}],"predecessor-version":[{"id":196950,"href":"https:\/\/www.batmagazine.it\/notizie\/wp-json\/wp\/v2\/posts\/196923\/revisions\/196950"}],"wp:featuredmedia":[{"embeddable":true,"href":"https:\/\/www.batmagazine.it\/notizie\/wp-json\/wp\/v2\/media\/196925"}],"wp:attachment":[{"href":"https:\/\/www.batmagazine.it\/notizie\/wp-json\/wp\/v2\/media?parent=196923"}],"wp:term":[{"taxonomy":"category","embeddable":true,"href":"https:\/\/www.batmagazine.it\/notizie\/wp-json\/wp\/v2\/categories?post=196923"},{"taxonomy":"post_tag","embeddable":true,"href":"https:\/\/www.batmagazine.it\/notizie\/wp-json\/wp\/v2\/tags?post=196923"}],"curies":[{"name":"wp","href":"https:\/\/api.w.org\/{rel}","templated":true}]}}